{"id":735,"date":"2017-07-25T08:33:24","date_gmt":"2017-07-25T06:33:24","guid":{"rendered":"http:\/\/www.butbn.cas.cz\/sbirkavk\/?p=735"},"modified":"2023-04-17T10:55:49","modified_gmt":"2023-04-17T08:55:49","slug":"kontakty","status":"publish","type":"post","link":"https:\/\/www.butbn.cas.cz\/sbirkavk\/?p=735","title":{"rendered":"Kontakty"},"content":{"rendered":"<div class=\"wp-block-image\">\n<figure class=\"alignright is-resized\"><a href=\"http:\/\/www.butbn.cas.cz\/sbirkavk\/wp-content\/uploads\/2019\/11\/vstup2019.jpg\" target=\"_blank\" rel=\"noreferrer noopener\"><img loading=\"lazy\" decoding=\"async\" data-attachment-id=\"2412\" data-permalink=\"https:\/\/www.butbn.cas.cz\/sbirkavk\/?attachment_id=2412\" data-orig-file=\"https:\/\/www.butbn.cas.cz\/sbirkavk\/wp-content\/uploads\/2019\/11\/vstup2019.jpg\" data-orig-size=\"1600,1063\" data-comments-opened=\"0\" data-image-meta=\"{&quot;aperture&quot;:&quot;5.6&quot;,&quot;credit&quot;:&quot;&quot;,&quot;camera&quot;:&quot;NIKON D90&quot;,&quot;caption&quot;:&quot;&quot;,&quot;created_timestamp&quot;:&quot;1572529276&quot;,&quot;copyright&quot;:&quot;&quot;,&quot;focal_length&quot;:&quot;21&quot;,&quot;iso&quot;:&quot;200&quot;,&quot;shutter_speed&quot;:&quot;0.005&quot;,&quot;title&quot;:&quot;&quot;,&quot;orientation&quot;:&quot;1&quot;}\" data-image-title=\"vstup2019\" data-image-description=\"\" data-image-caption=\"\" data-large-file=\"https:\/\/www.butbn.cas.cz\/sbirkavk\/wp-content\/uploads\/2019\/11\/vstup2019-1024x680.jpg\" src=\"http:\/\/www.butbn.cas.cz\/sbirkavk\/wp-content\/uploads\/2019\/11\/vstup2019-300x199.jpg\" alt=\"\" class=\"wp-image-2412\" width=\"300\" height=\"199\" srcset=\"https:\/\/www.butbn.cas.cz\/sbirkavk\/wp-content\/uploads\/2019\/11\/vstup2019-300x199.jpg 300w, https:\/\/www.butbn.cas.cz\/sbirkavk\/wp-content\/uploads\/2019\/11\/vstup2019-768x510.jpg 768w, https:\/\/www.butbn.cas.cz\/sbirkavk\/wp-content\/uploads\/2019\/11\/vstup2019-1024x680.jpg 1024w, https:\/\/www.butbn.cas.cz\/sbirkavk\/wp-content\/uploads\/2019\/11\/vstup2019.jpg 1600w\" sizes=\"auto, (max-width: 300px) 100vw, 300px\" \/><\/a><figcaption class=\"wp-element-caption\"> Vstup do botanick\u00e9 zahrady je z ulice K Bert\u011b <\/figcaption><\/figure>\n<\/div>\n\n\n<p><strong>Botanick\u00fd \u00fastav, AV \u010cR, v.v.i.<br>Odd\u011blen\u00ed Experiment\u00e1ln\u00ed zahrada a genofondov\u00e9 sb\u00edrky T\u0159ebo\u0148<br>Dukelsk\u00e1 135<br>37901 T\u0159ebo\u0148<br>tel: +420384721156<br>e-mail: bz.trebon@ibot.cas.cz<\/strong><\/p>\n\n\n\n<p><strong>Zam\u011bstnanci ve Sb\u00edrce<\/strong><br>&#8211; Mgr. Jana Navr\u00e1tilov\u00e1, Ph.D.; e-mail: jana.navratilova@ibot.cas.cz; <a rel=\"noreferrer noopener\" href=\"http:\/\/worldofplants.net\/authors\/jana-navratilova\/\" target=\"_blank\">web<\/a>; vedouc\u00ed odd\u011blen\u00ed<\/p>\n\n\n\n<p>&#8211; V\u00e1clav Po\u0161vic; zahradn\u00edk<\/p>\n\n\n\n<p>&#8211; Jitka Petrov\u00e1; zahradnice<br>&#8211; doc. RNDr. Josef Navr\u00e1til, Ph.D.; odborn\u00fd poradce<\/p>\n","protected":false},"excerpt":{"rendered":"<p>Botanick\u00fd \u00fastav, AV \u010cR, v.v.i.Odd\u011blen\u00ed Experiment\u00e1ln\u00ed zahrada a genofondov\u00e9 sb\u00edrky T\u0159ebo\u0148Dukelsk\u00e1 13537901 T\u0159ebo\u0148tel: +420384721156e-mail: bz.trebon@ibot.cas.cz Zam\u011bstnanci ve Sb\u00edrce&#8211; Mgr. Jana&hellip; <\/p>\n","protected":false},"author":1,"featured_media":736,"comment_status":"closed","ping_status":"closed","sticky":false,"template":"","format":"standard","meta":{"jetpack_post_was_ever_published":false,"_jetpack_newsletter_access":"","_jetpack_dont_email_post_to_subs":false,"_jetpack_newsletter_tier_id":0,"_jetpack_memberships_contains_paywalled_content":false,"_jetpack_memberships_contains_paid_content":false,"footnotes":"","jetpack_publicize_message":"","jetpack_publicize_feature_enabled":true,"jetpack_social_post_already_shared":true,"jetpack_social_options":{"image_generator_settings":{"template":"highway","default_image_id":0,"font":"","enabled":false},"version":2}},"categories":[38],"tags":[],"class_list":["post-735","post","type-post","status-publish","format-standard","has-post-thumbnail","hentry","category-nezarazene-cs"],"jetpack_publicize_connections":[],"jetpack_featured_media_url":"https:\/\/www.butbn.cas.cz\/sbirkavk\/wp-content\/uploads\/2017\/07\/contact.jpg","jetpack_sharing_enabled":true,"jetpack_shortlink":"https:\/\/wp.me\/s8pa9i-kontakty","jetpack-related-posts":[{"id":3368,"url":"https:\/\/www.butbn.cas.cz\/sbirkavk\/?p=3368","url_meta":{"origin":735,"position":0},"title":"Dny otev\u0159en\u00fdch dve\u0159\u00ed 2022","author":"Jana Navr\u00e1tilov\u00e1","date":"9 kv\u011btna, 2022","format":false,"excerpt":"Dny otev\u0159en\u00fdch dve\u0159\u00ed ve Sb\u00edrce vodn\u00edch a mok\u0159adn\u00edch rostlin Botanick\u00e9ho \u00fastavu AV \u010cR prob\u011bhnou od \u010dtvrtka 26. kv\u011btna do soboty 28. kv\u011btna, v\u017edy od 9 do 18 hodin. Na ka\u017edou lichou hodinu je pl\u00e1novan\u00e1 komentovan\u00e1 prohl\u00eddka zahrady s pr\u016fvodcem. Krom\u011b pravideln\u00fdch prohl\u00eddek je p\u0159ipraven tak\u00e9 z\u00e1bavn\u011b vzd\u011bl\u00e1vac\u00ed program pro d\u011bti\u2026","rel":"","context":"V \u201eNeza?azen?\u201c","block_context":{"text":"Neza?azen?","link":"https:\/\/www.butbn.cas.cz\/sbirkavk\/?cat=38"},"img":{"alt_text":"DOD 2022, mucholapka","src":"https:\/\/i0.wp.com\/www.butbn.cas.cz\/sbirkavk\/wp-content\/uploads\/2022\/05\/DOD22_2.jpg?resize=350%2C200&ssl=1","width":350,"height":200,"srcset":"https:\/\/i0.wp.com\/www.butbn.cas.cz\/sbirkavk\/wp-content\/uploads\/2022\/05\/DOD22_2.jpg?resize=350%2C200&ssl=1 1x, https:\/\/i0.wp.com\/www.butbn.cas.cz\/sbirkavk\/wp-content\/uploads\/2022\/05\/DOD22_2.jpg?resize=525%2C300&ssl=1 1.5x, https:\/\/i0.wp.com\/www.butbn.cas.cz\/sbirkavk\/wp-content\/uploads\/2022\/05\/DOD22_2.jpg?resize=700%2C400&ssl=1 2x, https:\/\/i0.wp.com\/www.butbn.cas.cz\/sbirkavk\/wp-content\/uploads\/2022\/05\/DOD22_2.jpg?resize=1050%2C600&ssl=1 3x, https:\/\/i0.wp.com\/www.butbn.cas.cz\/sbirkavk\/wp-content\/uploads\/2022\/05\/DOD22_2.jpg?resize=1400%2C800&ssl=1 4x"},"classes":[]},{"id":901,"url":"https:\/\/www.butbn.cas.cz\/sbirkavk\/?p=901","url_meta":{"origin":735,"position":1},"title":"Pro n\u00e1v\u0161t\u011bvn\u00edky","author":"Jana Navr\u00e1tilov\u00e1","date":"13 z\u00e1\u0159\u00ed, 2017","format":false,"excerpt":"Botanick\u00e1 zahrada je p\u0159\u00edstupn\u00e1 nejen specialist\u016fm, ale i student\u016fm a \u0161irok\u00e9 ve\u0159ejnosti. Ka\u017edoro\u010dn\u011b ji nav\u0161t\u00edv\u00ed des\u00edtky exkurz\u00ed. Krom\u011b v\u011bdeck\u00fdch \u00fa\u010del\u016f jej\u00ed hlavn\u00ed v\u00fdznam spo\u010d\u00edv\u00e1 v mo\u017enosti sezn\u00e1mit se na jednom m\u00edst\u011b s velk\u00fdm mno\u017estv\u00edm rostlin, z nich\u017e v\u011bt\u0161ina je v p\u0159\u00edrod\u011b pozorovateli t\u011b\u017eko p\u0159\u00edstupn\u00e1 nebo se vyskytuje jen na n\u011bkolika\u2026","rel":"","context":"V \u201eNeza?azen?\u201c","block_context":{"text":"Neza?azen?","link":"https:\/\/www.butbn.cas.cz\/sbirkavk\/?cat=38"},"img":{"alt_text":"","src":"https:\/\/i0.wp.com\/www.butbn.cas.cz\/sbirkavk\/wp-content\/uploads\/2017\/09\/DSC_1095-scaled.jpg?resize=350%2C200&ssl=1","width":350,"height":200,"srcset":"https:\/\/i0.wp.com\/www.butbn.cas.cz\/sbirkavk\/wp-content\/uploads\/2017\/09\/DSC_1095-scaled.jpg?resize=350%2C200&ssl=1 1x, https:\/\/i0.wp.com\/www.butbn.cas.cz\/sbirkavk\/wp-content\/uploads\/2017\/09\/DSC_1095-scaled.jpg?resize=525%2C300&ssl=1 1.5x, https:\/\/i0.wp.com\/www.butbn.cas.cz\/sbirkavk\/wp-content\/uploads\/2017\/09\/DSC_1095-scaled.jpg?resize=700%2C400&ssl=1 2x, https:\/\/i0.wp.com\/www.butbn.cas.cz\/sbirkavk\/wp-content\/uploads\/2017\/09\/DSC_1095-scaled.jpg?resize=1050%2C600&ssl=1 3x, https:\/\/i0.wp.com\/www.butbn.cas.cz\/sbirkavk\/wp-content\/uploads\/2017\/09\/DSC_1095-scaled.jpg?resize=1400%2C800&ssl=1 4x"},"classes":[]},{"id":4015,"url":"https:\/\/www.butbn.cas.cz\/sbirkavk\/?p=4015","url_meta":{"origin":735,"position":2},"title":"Zah\u00e1jen\u00ed n\u00e1v\u0161t\u011bvnick\u00e9 sez\u00f3ny 2024","author":"Jana Navr\u00e1tilov\u00e1","date":"16 dubna, 2024","format":false,"excerpt":"Jaro 2024 uh\u00e1n\u00ed m\u00edlov\u00fdmi kroky a my s n\u00edm mus\u00edme dr\u017eet krok. Botanickou zahradu T\u0159ebo\u0148 proto pro ve\u0159ejnost otev\u0159eme netradi\u010dn\u011b u\u017e v\u202fpond\u011bl\u00ed 22. dubna. Tento rok jsme expozice obohatili o typick\u00e9 \u010dasn\u011b jarn\u00ed druhy jako jsou sn\u011b\u017eenky, bledule jarn\u00ed, lado\u0148ky a dev\u011btsily, kter\u00e9 rozkv\u00e9taj\u00ed s orsejemi, prvosenkami, sasankami a blatouchy.\u2026","rel":"","context":"V \u201eNeza?azen?\u201c","block_context":{"text":"Neza?azen?","link":"https:\/\/www.butbn.cas.cz\/sbirkavk\/?cat=38"},"img":{"alt_text":"","src":"https:\/\/i0.wp.com\/www.butbn.cas.cz\/sbirkavk\/wp-content\/uploads\/2024\/04\/zahajeni_sezony_24.jpg?resize=350%2C200&ssl=1","width":350,"height":200,"srcset":"https:\/\/i0.wp.com\/www.butbn.cas.cz\/sbirkavk\/wp-content\/uploads\/2024\/04\/zahajeni_sezony_24.jpg?resize=350%2C200&ssl=1 1x, https:\/\/i0.wp.com\/www.butbn.cas.cz\/sbirkavk\/wp-content\/uploads\/2024\/04\/zahajeni_sezony_24.jpg?resize=525%2C300&ssl=1 1.5x, https:\/\/i0.wp.com\/www.butbn.cas.cz\/sbirkavk\/wp-content\/uploads\/2024\/04\/zahajeni_sezony_24.jpg?resize=700%2C400&ssl=1 2x, https:\/\/i0.wp.com\/www.butbn.cas.cz\/sbirkavk\/wp-content\/uploads\/2024\/04\/zahajeni_sezony_24.jpg?resize=1050%2C600&ssl=1 3x, https:\/\/i0.wp.com\/www.butbn.cas.cz\/sbirkavk\/wp-content\/uploads\/2024\/04\/zahajeni_sezony_24.jpg?resize=1400%2C800&ssl=1 4x"},"classes":[]},{"id":3099,"url":"https:\/\/www.butbn.cas.cz\/sbirkavk\/?p=3099","url_meta":{"origin":735,"position":3},"title":"Dny otev\u0159en\u00fdch dve\u0159\u00ed 2021","author":"Jana Navr\u00e1tilov\u00e1","date":"21 srpna, 2021","format":false,"excerpt":"Dny otev\u0159en\u00fdch dve\u0159\u00ed ve Sb\u00edrce vodn\u00edch a mok\u0159adn\u00edch rostlin Botanick\u00e9ho \u00fastavu AV \u010cR prob\u011bhnou od \u010dtvrtka 9. z\u00e1\u0159\u00ed do soboty 11. z\u00e1\u0159\u00ed, v\u017edy od 8 do 18 hodin. A ji\u017e tradi\u010dn\u011b si na sv\u00e9 p\u0159ijdou d\u011bti i zv\u00eddav\u00ed dosp\u011bl\u00ed. Krom\u011b pravideln\u00fdch prohl\u00eddek je p\u0159ipraven tak\u00e9 z\u00e1bavn\u011b vzd\u011bl\u00e1vac\u00ed program pro d\u011bti\u2026","rel":"","context":"V \u201eNeza?azen?\u201c","block_context":{"text":"Neza?azen?","link":"https:\/\/www.butbn.cas.cz\/sbirkavk\/?cat=38"},"img":{"alt_text":"","src":"https:\/\/i0.wp.com\/www.butbn.cas.cz\/sbirkavk\/wp-content\/uploads\/2021\/08\/DOD21a.jpg?resize=350%2C200&ssl=1","width":350,"height":200,"srcset":"https:\/\/i0.wp.com\/www.butbn.cas.cz\/sbirkavk\/wp-content\/uploads\/2021\/08\/DOD21a.jpg?resize=350%2C200&ssl=1 1x, https:\/\/i0.wp.com\/www.butbn.cas.cz\/sbirkavk\/wp-content\/uploads\/2021\/08\/DOD21a.jpg?resize=525%2C300&ssl=1 1.5x, https:\/\/i0.wp.com\/www.butbn.cas.cz\/sbirkavk\/wp-content\/uploads\/2021\/08\/DOD21a.jpg?resize=700%2C400&ssl=1 2x, https:\/\/i0.wp.com\/www.butbn.cas.cz\/sbirkavk\/wp-content\/uploads\/2021\/08\/DOD21a.jpg?resize=1050%2C600&ssl=1 3x, https:\/\/i0.wp.com\/www.butbn.cas.cz\/sbirkavk\/wp-content\/uploads\/2021\/08\/DOD21a.jpg?resize=1400%2C800&ssl=1 4x"},"classes":[]},{"id":3729,"url":"https:\/\/www.butbn.cas.cz\/sbirkavk\/?p=3729","url_meta":{"origin":735,"position":4},"title":"Pozv\u00e1nka na Dny otev\u0159en\u00fdch dve\u0159\u00ed 2023","author":"Jana Navr\u00e1tilov\u00e1","date":"9 kv\u011btna, 2023","format":false,"excerpt":"Dny otev\u0159en\u00fdch dve\u0159\u00ed ve Sb\u00edrce vodn\u00edch a mok\u0159adn\u00edch rostlin Botanick\u00e9ho \u00fastavu AV \u010cR prob\u011bhnou od \u010dtvrtka 25. kv\u011btna do soboty 27. kv\u011btna. Nav\u00e1\u017eeme na po\u0159\u00e1danou panelovou v\u00fdstavu nau\u010dn\u011b vzd\u011bl\u00e1vac\u00edm programem pro d\u011bti i dosp\u011bl\u00e9 s\u202ft\u00e9matem \u201eV\u016fn\u011b rostlin\u201c. Z\u00e1jemci si budou moci vyzkou\u0161et jak\u00e9 v\u016fn\u011b skr\u00fdvaj\u00ed nejen mok\u0159adn\u00ed rostliny, dozv\u011bd\u011bt se,\u2026","rel":"","context":"V \u201eNeza?azen?\u201c","block_context":{"text":"Neza?azen?","link":"https:\/\/www.butbn.cas.cz\/sbirkavk\/?cat=38"},"img":{"alt_text":"","src":"https:\/\/i0.wp.com\/www.butbn.cas.cz\/sbirkavk\/wp-content\/uploads\/2023\/05\/DOD_23.jpg?resize=350%2C200&ssl=1","width":350,"height":200,"srcset":"https:\/\/i0.wp.com\/www.butbn.cas.cz\/sbirkavk\/wp-content\/uploads\/2023\/05\/DOD_23.jpg?resize=350%2C200&ssl=1 1x, https:\/\/i0.wp.com\/www.butbn.cas.cz\/sbirkavk\/wp-content\/uploads\/2023\/05\/DOD_23.jpg?resize=525%2C300&ssl=1 1.5x, https:\/\/i0.wp.com\/www.butbn.cas.cz\/sbirkavk\/wp-content\/uploads\/2023\/05\/DOD_23.jpg?resize=700%2C400&ssl=1 2x, https:\/\/i0.wp.com\/www.butbn.cas.cz\/sbirkavk\/wp-content\/uploads\/2023\/05\/DOD_23.jpg?resize=1050%2C600&ssl=1 3x, https:\/\/i0.wp.com\/www.butbn.cas.cz\/sbirkavk\/wp-content\/uploads\/2023\/05\/DOD_23.jpg?resize=1400%2C800&ssl=1 4x"},"classes":[]},{"id":2725,"url":"https:\/\/www.butbn.cas.cz\/sbirkavk\/?p=2725","url_meta":{"origin":735,"position":5},"title":"Dny otev\u0159en\u00fdch dve\u0159\u00ed 2020","author":"Jana Navr\u00e1tilov\u00e1","date":"25 srpna, 2020","format":false,"excerpt":"Dny otev\u0159en\u00fdch dve\u0159\u00ed prob\u011bhnou letos vzhledem ke koronavirov\u00fdm opat\u0159en\u00edm netradi\u010dn\u011b v\u00a0podzimn\u00edm term\u00ednu \u010dtvrtek 10. z\u00e1\u0159\u00ed a\u017e sobota 12. z\u00e1\u0159\u00ed, v\u017edy od 8 do 18 hodin. Tak\u00e9 program bude vzhledem s\u00a0p\u0159\u00edsn\u011bj\u0161\u00edm hygienick\u00fdm opat\u0159en\u00edm m\u00edrn\u011b odli\u0161n\u00fd od p\u0159edchoz\u00edch ro\u010dn\u00edk\u016f. Po cel\u00e9 t\u0159i dny budeme z\u00e1jemce zdarma prov\u00e1zet po na\u0161\u00ed zahrad\u011b a ukazovat\u2026","rel":"","context":"V \u201eNeza?azen?\u201c","block_context":{"text":"Neza?azen?","link":"https:\/\/www.butbn.cas.cz\/sbirkavk\/?cat=38"},"img":{"alt_text":"Dny otev\u0159en\u00fdch dve\u0159\u00ed 2020","src":"https:\/\/i0.wp.com\/www.butbn.cas.cz\/sbirkavk\/wp-content\/uploads\/2020\/08\/DOD1.jpg?resize=350%2C200&ssl=1","width":350,"height":200,"srcset":"https:\/\/i0.wp.com\/www.butbn.cas.cz\/sbirkavk\/wp-content\/uploads\/2020\/08\/DOD1.jpg?resize=350%2C200&ssl=1 1x, https:\/\/i0.wp.com\/www.butbn.cas.cz\/sbirkavk\/wp-content\/uploads\/2020\/08\/DOD1.jpg?resize=525%2C300&ssl=1 1.5x, https:\/\/i0.wp.com\/www.butbn.cas.cz\/sbirkavk\/wp-content\/uploads\/2020\/08\/DOD1.jpg?resize=700%2C400&ssl=1 2x, https:\/\/i0.wp.com\/www.butbn.cas.cz\/sbirkavk\/wp-content\/uploads\/2020\/08\/DOD1.jpg?resize=1050%2C600&ssl=1 3x"},"classes":[]}],"_links":{"self":[{"href":"https:\/\/www.butbn.cas.cz\/sbirkavk\/index.php?rest_route=\/wp\/v2\/posts\/735","targetHints":{"allow":["GET"]}}],"collection":[{"href":"https:\/\/www.butbn.cas.cz\/sbirkavk\/index.php?rest_route=\/wp\/v2\/posts"}],"about":[{"href":"https:\/\/www.butbn.cas.cz\/sbirkavk\/index.php?rest_route=\/wp\/v2\/types\/post"}],"author":[{"embeddable":true,"href":"https:\/\/www.butbn.cas.cz\/sbirkavk\/index.php?rest_route=\/wp\/v2\/users\/1"}],"replies":[{"embeddable":true,"href":"https:\/\/www.butbn.cas.cz\/sbirkavk\/index.php?rest_route=%2Fwp%2Fv2%2Fcomments&post=735"}],"version-history":[{"count":21,"href":"https:\/\/www.butbn.cas.cz\/sbirkavk\/index.php?rest_route=\/wp\/v2\/posts\/735\/revisions"}],"predecessor-version":[{"id":3702,"href":"https:\/\/www.butbn.cas.cz\/sbirkavk\/index.php?rest_route=\/wp\/v2\/posts\/735\/revisions\/3702"}],"wp:featuredmedia":[{"embeddable":true,"href":"https:\/\/www.butbn.cas.cz\/sbirkavk\/index.php?rest_route=\/wp\/v2\/media\/736"}],"wp:attachment":[{"href":"https:\/\/www.butbn.cas.cz\/sbirkavk\/index.php?rest_route=%2Fwp%2Fv2%2Fmedia&parent=735"}],"wp:term":[{"taxonomy":"category","embeddable":true,"href":"https:\/\/www.butbn.cas.cz\/sbirkavk\/index.php?rest_route=%2Fwp%2Fv2%2Fcategories&post=735"},{"taxonomy":"post_tag","embeddable":true,"href":"https:\/\/www.butbn.cas.cz\/sbirkavk\/index.php?rest_route=%2Fwp%2Fv2%2Ftags&post=735"}],"curies":[{"name":"wp","href":"https:\/\/api.w.org\/{rel}","templated":true}]}}