{"id":686,"date":"2017-07-24T17:19:02","date_gmt":"2017-07-24T15:19:02","guid":{"rendered":"http:\/\/www.butbn.cas.cz\/sbirkavk\/?p=686"},"modified":"2025-03-17T14:28:34","modified_gmt":"2025-03-17T13:28:34","slug":"genova-banka","status":"publish","type":"post","link":"https:\/\/www.butbn.cas.cz\/sbirkavk\/?p=686","title":{"rendered":"Genov\u00e1 banka"},"content":{"rendered":"\n<p>Pe\u010dujeme o z\u00e1chrann\u00e9 kultury a genofond kriticky ohro\u017een\u00fdch rostlin. <\/p>\n\n\n<div class=\"wp-block-image wp-block-image alignright is-resized\">\n<figure ><img loading=\"lazy\" decoding=\"async\" width=\"800\" height=\"600\" data-attachment-id=\"848\" data-permalink=\"https:\/\/www.butbn.cas.cz\/sbirkavk\/?attachment_id=848\" data-orig-file=\"https:\/\/www.butbn.cas.cz\/sbirkavk\/wp-content\/uploads\/2017\/07\/gen1.jpg\" data-orig-size=\"800,600\" data-comments-opened=\"0\" data-image-meta=\"{&quot;aperture&quot;:&quot;2.5&quot;,&quot;credit&quot;:&quot;&quot;,&quot;camera&quot;:&quot;COOLPIX P7800&quot;,&quot;caption&quot;:&quot;&quot;,&quot;created_timestamp&quot;:&quot;1482339621&quot;,&quot;copyright&quot;:&quot;&quot;,&quot;focal_length&quot;:&quot;6&quot;,&quot;iso&quot;:&quot;400&quot;,&quot;shutter_speed&quot;:&quot;0.066666666666667&quot;,&quot;title&quot;:&quot;&quot;,&quot;orientation&quot;:&quot;1&quot;}\" data-image-title=\"gen1\" data-image-description=\"\" data-image-caption=\"\" data-large-file=\"https:\/\/www.butbn.cas.cz\/sbirkavk\/wp-content\/uploads\/2017\/07\/gen1.jpg\" src=\"http:\/\/www.butbn.cas.cz\/sbirkavk\/wp-content\/uploads\/2017\/07\/gen1.jpg\" alt=\"\" class=\"wp-image-848\" style=\"width:408px;height:auto\" srcset=\"https:\/\/www.butbn.cas.cz\/sbirkavk\/wp-content\/uploads\/2017\/07\/gen1.jpg 800w, https:\/\/www.butbn.cas.cz\/sbirkavk\/wp-content\/uploads\/2017\/07\/gen1-300x225.jpg 300w, https:\/\/www.butbn.cas.cz\/sbirkavk\/wp-content\/uploads\/2017\/07\/gen1-768x576.jpg 768w\" sizes=\"auto, (max-width: 800px) 100vw, 800px\" \/><figcaption class=\"wp-element-caption\">Na\u0161e genov\u00e1 banka<\/figcaption><\/figure>\n<\/div>\n\n\n<p>V genofondu evidujeme 131 druh\u016f chr\u00e1n\u011bn\u00fdch z\u00e1kony \u010cesk\u00e9 republiky. Zam\u011b\u0159ujme se na udr\u017eov\u00e1n\u00ed genofondu ohro\u017een\u00fdch druh\u016f p\u016fvodem z T\u0159ebo\u0148ska. Postupn\u011b se sna\u017e\u00edme ve spolupr\u00e1ci se Spr\u00e1vou CHKO T\u0159ebo\u0148sko zav\u00e1d\u011bt do kultury m\u00edstn\u00ed populace ohro\u017een\u00fdch druh\u016f, jako mo\u017enou pojistkou pro p\u0159\u00edpad neprosperov\u00e1n\u00ed t\u011bchto rostlin ve voln\u00e9 p\u0159\u00edrod\u011b a tak\u00e9 proto, aby si je u n\u00e1s mohli zbl\u00edzka prohl\u00e9dnout z\u00e1jemci z \u0159ad student\u016f i \u0161irok\u00e9 ve\u0159ejnosti, proto\u017ee lokality jejich v\u00fdskytu v p\u0159\u00edrod\u011b jsou \u010dasto, z d\u016fvodu ochrany, ve\u0159ejnosti nep\u0159\u00edstupn\u00e9.<\/p>\n\n\n\n<p>Od roku 2016 jsou semena ve sb\u00edrce p\u011bstovan\u00fdch ohro\u017een\u00fdch druh\u016f z\u00e1lohov\u00e1na mrazen\u00edm a vytvo\u0159ena tak byla &#8222;genov\u00e1 banka&#8220;.<\/p>\n\n\n\n<p>Semena nab\u00edzen\u00e1 botanick\u00fdm zahrad\u00e1m a k v\u00fdzkumu v r\u00e1mci IPEN jsou v <a href=\"https:\/\/www.butbn.cas.cz\/sbirkavk\/?p=1030\" data-type=\"post\" data-id=\"1030\">Index Seminum<\/a>.<\/p>\n\n\n\n<p><\/p>\n","protected":false},"excerpt":{"rendered":"<p>Pe\u010dujeme o z\u00e1chrann\u00e9 kultury a genofond kriticky ohro\u017een\u00fdch rostlin. V genofondu evidujeme 131 druh\u016f chr\u00e1n\u011bn\u00fdch z\u00e1kony \u010cesk\u00e9 republiky. Zam\u011b\u0159ujme se&hellip; <\/p>\n","protected":false},"author":1,"featured_media":687,"comment_status":"closed","ping_status":"closed","sticky":true,"template":"","format":"standard","meta":{"jetpack_post_was_ever_published":false,"_jetpack_newsletter_access":"","_jetpack_dont_email_post_to_subs":false,"_jetpack_newsletter_tier_id":0,"_jetpack_memberships_contains_paywalled_content":false,"_jetpack_memberships_contains_paid_content":false,"footnotes":"","jetpack_publicize_message":"","jetpack_publicize_feature_enabled":true,"jetpack_social_post_already_shared":true,"jetpack_social_options":{"image_generator_settings":{"template":"highway","default_image_id":0,"font":"","enabled":false},"version":2}},"categories":[38],"tags":[],"class_list":["post-686","post","type-post","status-publish","format-standard","has-post-thumbnail","hentry","category-nezarazene-cs"],"jetpack_publicize_connections":[],"jetpack_featured_media_url":"https:\/\/www.butbn.cas.cz\/sbirkavk\/wp-content\/uploads\/2017\/07\/genebank.jpg","jetpack_sharing_enabled":true,"jetpack_shortlink":"https:\/\/wp.me\/p8pa9i-b4","jetpack-related-posts":[{"id":706,"url":"https:\/\/www.butbn.cas.cz\/sbirkavk\/?p=706","url_meta":{"origin":686,"position":0},"title":"O n\u00e1s","author":"Jana Navr\u00e1tilov\u00e1","date":"24 \u010dervence, 2017","format":false,"excerpt":"Sb\u00edrka vodn\u00edch a mok\u0159adn\u00edch rostlin je specializovanou kolekc\u00ed v\u00edce ne\u017e 1000 druh\u016f rostlin p\u016fvodem p\u0159ev\u00e1\u017en\u011b ze st\u0159edoevropsk\u00fdch mok\u0159ad\u016f. Sb\u00edrka vznikala postupn\u011b od roku 1976 p\u0159edev\u0161\u00edm pro v\u011bdeck\u00e9 \u00fa\u010dely. Dnes m\u00e1 charakter mal\u00e9 specializovan\u00e9 botanick\u00e9 zahrady a je otev\u0159ena student\u016fm i \u0161irok\u00e9 ve\u0159ejnosti. Sb\u00edrka je \u010dlenem Unie botanick\u00fdch zahrad \u010cesk\u00e9 republiky\u2026","rel":"","context":"V \u201eNeza?azen?\u201c","block_context":{"text":"Neza?azen?","link":"https:\/\/www.butbn.cas.cz\/sbirkavk\/?cat=38"},"img":{"alt_text":"","src":"https:\/\/i0.wp.com\/www.butbn.cas.cz\/sbirkavk\/wp-content\/uploads\/2017\/07\/about.jpg?resize=350%2C200&ssl=1","width":350,"height":200,"srcset":"https:\/\/i0.wp.com\/www.butbn.cas.cz\/sbirkavk\/wp-content\/uploads\/2017\/07\/about.jpg?resize=350%2C200&ssl=1 1x, https:\/\/i0.wp.com\/www.butbn.cas.cz\/sbirkavk\/wp-content\/uploads\/2017\/07\/about.jpg?resize=525%2C300&ssl=1 1.5x, https:\/\/i0.wp.com\/www.butbn.cas.cz\/sbirkavk\/wp-content\/uploads\/2017\/07\/about.jpg?resize=700%2C400&ssl=1 2x, https:\/\/i0.wp.com\/www.butbn.cas.cz\/sbirkavk\/wp-content\/uploads\/2017\/07\/about.jpg?resize=1050%2C600&ssl=1 3x, https:\/\/i0.wp.com\/www.butbn.cas.cz\/sbirkavk\/wp-content\/uploads\/2017\/07\/about.jpg?resize=1400%2C800&ssl=1 4x"},"classes":[]},{"id":691,"url":"https:\/\/www.butbn.cas.cz\/sbirkavk\/?p=691","url_meta":{"origin":686,"position":1},"title":"V\u00fdzkum","author":"Jana Navr\u00e1tilov\u00e1","date":"24 \u010dervence, 2017","format":false,"excerpt":"Sb\u00edrka p\u0159edstavuje cennou banku \u017eiv\u00e9ho materi\u00e1lu, kter\u00fd poskytuje pro v\u011bdeckou pr\u00e1ci i aplika\u010dn\u00ed sf\u00e9ru. Poskytov\u00e1n\u00ed rostlin v\u00fdzkumn\u00fdm instituc\u00edm- rostliny nebo jejich \u010d\u00e1sti jsou poskytov\u00e1ny k v\u00fdzkumn\u00fdm \u00fa\u010del\u016fm- na konkr\u00e9tn\u00edch podm\u00ednk\u00e1ch dod\u00e1n\u00ed materi\u00e1lu je pot\u0159eba se p\u0159edem domluvit; doba, za kterou jsme rostliny schopni poskytnout, z\u00e1le\u017e\u00ed na druhu a po\u017eadovan\u00e9m mno\u017estv\u00ed\u2026","rel":"","context":"V \u201eNeza?azen?\u201c","block_context":{"text":"Neza?azen?","link":"https:\/\/www.butbn.cas.cz\/sbirkavk\/?cat=38"},"img":{"alt_text":"","src":"https:\/\/i0.wp.com\/www.butbn.cas.cz\/sbirkavk\/wp-content\/uploads\/2017\/07\/research.jpg?resize=350%2C200&ssl=1","width":350,"height":200,"srcset":"https:\/\/i0.wp.com\/www.butbn.cas.cz\/sbirkavk\/wp-content\/uploads\/2017\/07\/research.jpg?resize=350%2C200&ssl=1 1x, https:\/\/i0.wp.com\/www.butbn.cas.cz\/sbirkavk\/wp-content\/uploads\/2017\/07\/research.jpg?resize=525%2C300&ssl=1 1.5x, https:\/\/i0.wp.com\/www.butbn.cas.cz\/sbirkavk\/wp-content\/uploads\/2017\/07\/research.jpg?resize=700%2C400&ssl=1 2x, https:\/\/i0.wp.com\/www.butbn.cas.cz\/sbirkavk\/wp-content\/uploads\/2017\/07\/research.jpg?resize=1050%2C600&ssl=1 3x, https:\/\/i0.wp.com\/www.butbn.cas.cz\/sbirkavk\/wp-content\/uploads\/2017\/07\/research.jpg?resize=1400%2C800&ssl=1 4x"},"classes":[]},{"id":2665,"url":"https:\/\/www.butbn.cas.cz\/sbirkavk\/?p=2665","url_meta":{"origin":686,"position":2},"title":"8. Setk\u00e1n\u00ed Pracovn\u00ed skupiny pro genofondy v botanick\u00fdch zahrad\u00e1ch \u010cR prob\u011bhlo 16. 6. 2020 v T\u0159eboni","author":"Jana Navr\u00e1tilov\u00e1","date":"20 \u010dervna, 2020","format":false,"excerpt":"V \u00fater\u00fd 16. 6. 2020 prob\u011bhlo ji\u017e 8. zased\u00e1n\u00ed Pracovn\u00ed skupiny pro genofondy v botanick\u00fdch zahrad\u00e1ch \u010cR. Tentokr\u00e1te byla hostitelem na\u0161e botanick\u00e1 zahrada. Jedn\u00e1n\u00ed prob\u011bhlo za \u00fa\u010dasti z\u00e1stupc\u016f botanick\u00fdch zahrad \u010cesk\u00e9 republiky a Agentury ochrany p\u0159\u00edrody a krajiny. Jedn\u00e1n\u00ed prob\u00edhalo v zasedac\u00ed m\u00edstnosti Botanick\u00e9ho \u00fastavu, v.v.i. Na programu byly p\u0159edev\u0161\u00edm\u2026","rel":"","context":"V \u201eNeza?azen?\u201c","block_context":{"text":"Neza?azen?","link":"https:\/\/www.butbn.cas.cz\/sbirkavk\/?cat=38"},"img":{"alt_text":"Botanick\u00e1 zahrada T\u0159ebo\u0148","src":"https:\/\/i0.wp.com\/www.butbn.cas.cz\/sbirkavk\/wp-content\/uploads\/2020\/06\/aDSC_9550.jpg?resize=350%2C200&ssl=1","width":350,"height":200,"srcset":"https:\/\/i0.wp.com\/www.butbn.cas.cz\/sbirkavk\/wp-content\/uploads\/2020\/06\/aDSC_9550.jpg?resize=350%2C200&ssl=1 1x, https:\/\/i0.wp.com\/www.butbn.cas.cz\/sbirkavk\/wp-content\/uploads\/2020\/06\/aDSC_9550.jpg?resize=525%2C300&ssl=1 1.5x, https:\/\/i0.wp.com\/www.butbn.cas.cz\/sbirkavk\/wp-content\/uploads\/2020\/06\/aDSC_9550.jpg?resize=700%2C400&ssl=1 2x, https:\/\/i0.wp.com\/www.butbn.cas.cz\/sbirkavk\/wp-content\/uploads\/2020\/06\/aDSC_9550.jpg?resize=1050%2C600&ssl=1 3x, https:\/\/i0.wp.com\/www.butbn.cas.cz\/sbirkavk\/wp-content\/uploads\/2020\/06\/aDSC_9550.jpg?resize=1400%2C800&ssl=1 4x"},"classes":[]},{"id":1032,"url":"https:\/\/www.butbn.cas.cz\/sbirkavk\/?p=1032","url_meta":{"origin":686,"position":3},"title":"Udr\u017eov\u00e1n\u00ed kultur vymizel\u00fdch nebo kriticky ohro\u017een\u00fdch druh\u016f rostlin CHKO T\u0159ebo\u0148sko","author":"Jana Navr\u00e1tilov\u00e1","date":"16 z\u00e1\u0159\u00ed, 2017","format":false,"excerpt":"V r\u00e1mci tohoto projektu kultivujeme kriticky ohro\u017een\u00e9 druhy T\u0159ebo\u0148ska a repatriujeme je na evidovan\u00e1 antropogenn\u00ed n\u00e1hradn\u00ed stanovi\u0161t\u011b, zejm\u00e9na p\u0159\u00edrod\u011b bl\u00edzk\u00e9 regenerovan\u00e9 p\u00edskovny. Aktu\u00e1ln\u011b jsou monitorov\u00e1ny des\u00edtky repatria\u010dn\u00edch trval\u00fdch ploch, nich\u017e sledujeme v\u00fdvoj prosperov\u00e1n\u00ed jednotliv\u00fdch druh\u016f.","rel":"","context":"V \u201eNeza?azen?\u201c","block_context":{"text":"Neza?azen?","link":"https:\/\/www.butbn.cas.cz\/sbirkavk\/?cat=38"},"img":{"alt_text":"","src":"https:\/\/i0.wp.com\/www.butbn.cas.cz\/sbirkavk\/wp-content\/uploads\/2017\/09\/vysadby1.jpg?resize=350%2C200&ssl=1","width":350,"height":200,"srcset":"https:\/\/i0.wp.com\/www.butbn.cas.cz\/sbirkavk\/wp-content\/uploads\/2017\/09\/vysadby1.jpg?resize=350%2C200&ssl=1 1x, https:\/\/i0.wp.com\/www.butbn.cas.cz\/sbirkavk\/wp-content\/uploads\/2017\/09\/vysadby1.jpg?resize=525%2C300&ssl=1 1.5x, https:\/\/i0.wp.com\/www.butbn.cas.cz\/sbirkavk\/wp-content\/uploads\/2017\/09\/vysadby1.jpg?resize=700%2C400&ssl=1 2x"},"classes":[]},{"id":1945,"url":"https:\/\/www.butbn.cas.cz\/sbirkavk\/?p=1945","url_meta":{"origin":686,"position":4},"title":"Metodologie ex situ konzervace ohro\u017een\u00fdch druh\u016f rostlin","author":"Jana Navr\u00e1tilov\u00e1","date":"31 ledna, 2019","format":false,"excerpt":"Centunculus minimus Pro l\u00e9ta 2019-2022 z\u00edskalo na\u0161e odd\u011blen\u00ed rozs\u00e1hl\u00fd projekt programu TA\u010cR Epsilon, jeho\u017e c\u00edlem je: Vytvo\u0159en\u00ed informa\u010dn\u00ed b\u00e1ze pro sestavov\u00e1n\u00ed metodik ex situ konzervace lok\u00e1ln\u00edch populac\u00ed ohro\u017een\u00fdch druh\u016f rostlin, kter\u00e1 bude sest\u00e1vat ze dvou metodik obecn\u00e9ho r\u00e1zu a dvou metodik konzervace rostlin konkr\u00e9tn\u00edch spole\u010denstev. T\u00fdm Mgr. Jana Navr\u00e1tilov\u00e1, Ph.D.\u2026","rel":"","context":"V \u201eNeza?azen?\u201c","block_context":{"text":"Neza?azen?","link":"https:\/\/www.butbn.cas.cz\/sbirkavk\/?cat=38"},"img":{"alt_text":"","src":"https:\/\/i0.wp.com\/www.butbn.cas.cz\/sbirkavk\/wp-content\/uploads\/2019\/01\/Cent_min.jpg?resize=350%2C200&ssl=1","width":350,"height":200,"srcset":"https:\/\/i0.wp.com\/www.butbn.cas.cz\/sbirkavk\/wp-content\/uploads\/2019\/01\/Cent_min.jpg?resize=350%2C200&ssl=1 1x, https:\/\/i0.wp.com\/www.butbn.cas.cz\/sbirkavk\/wp-content\/uploads\/2019\/01\/Cent_min.jpg?resize=525%2C300&ssl=1 1.5x, https:\/\/i0.wp.com\/www.butbn.cas.cz\/sbirkavk\/wp-content\/uploads\/2019\/01\/Cent_min.jpg?resize=700%2C400&ssl=1 2x, https:\/\/i0.wp.com\/www.butbn.cas.cz\/sbirkavk\/wp-content\/uploads\/2019\/01\/Cent_min.jpg?resize=1050%2C600&ssl=1 3x"},"classes":[]},{"id":2695,"url":"https:\/\/www.butbn.cas.cz\/sbirkavk\/?p=2695","url_meta":{"origin":686,"position":5},"title":"Strategie AV21: Vyu\u017eit\u00ed biologick\u00fdch sb\u00edrek a modern\u00edch metod pro studium zm\u011bn v krajin\u011b a pro z\u00e1chranu organism\u016f ex situ","author":"Jana Navr\u00e1tilov\u00e1","date":"3 srpna, 2020","format":false,"excerpt":"Na\u0161e odd\u011blen\u00ed se v letech 2020-2024 spolupod\u00edl\u00ed na \u0159e\u0161en\u00ed programu Strategie AV21 - Z\u00e1chrana a obnova krajiny. Garantkou t\u00e9matu zam\u011b\u0159en\u00e9ho na problematiku Vyu\u017eit\u00ed biologick\u00fdch sb\u00edrek a modern\u00edch metod pro studium zm\u011bn v krajin\u011b a pro z\u00e1chranu organism\u016f ex situ je Mgr. Barbora Role\u010dkov\u00e1, Ph.D. z \u00dastavu biologie obratlovc\u016f AV \u010cR,\u2026","rel":"","context":"V \u201eNeza?azen?\u201c","block_context":{"text":"Neza?azen?","link":"https:\/\/www.butbn.cas.cz\/sbirkavk\/?cat=38"},"img":{"alt_text":"Corrigiola litoralis","src":"https:\/\/i0.wp.com\/www.butbn.cas.cz\/sbirkavk\/wp-content\/uploads\/2020\/08\/DSC_6027.jpg?resize=350%2C200&ssl=1","width":350,"height":200,"srcset":"https:\/\/i0.wp.com\/www.butbn.cas.cz\/sbirkavk\/wp-content\/uploads\/2020\/08\/DSC_6027.jpg?resize=350%2C200&ssl=1 1x, https:\/\/i0.wp.com\/www.butbn.cas.cz\/sbirkavk\/wp-content\/uploads\/2020\/08\/DSC_6027.jpg?resize=525%2C300&ssl=1 1.5x, https:\/\/i0.wp.com\/www.butbn.cas.cz\/sbirkavk\/wp-content\/uploads\/2020\/08\/DSC_6027.jpg?resize=700%2C400&ssl=1 2x, https:\/\/i0.wp.com\/www.butbn.cas.cz\/sbirkavk\/wp-content\/uploads\/2020\/08\/DSC_6027.jpg?resize=1050%2C600&ssl=1 3x, https:\/\/i0.wp.com\/www.butbn.cas.cz\/sbirkavk\/wp-content\/uploads\/2020\/08\/DSC_6027.jpg?resize=1400%2C800&ssl=1 4x"},"classes":[]}],"_links":{"self":[{"href":"https:\/\/www.butbn.cas.cz\/sbirkavk\/index.php?rest_route=\/wp\/v2\/posts\/686","targetHints":{"allow":["GET"]}}],"collection":[{"href":"https:\/\/www.butbn.cas.cz\/sbirkavk\/index.php?rest_route=\/wp\/v2\/posts"}],"about":[{"href":"https:\/\/www.butbn.cas.cz\/sbirkavk\/index.php?rest_route=\/wp\/v2\/types\/post"}],"author":[{"embeddable":true,"href":"https:\/\/www.butbn.cas.cz\/sbirkavk\/index.php?rest_route=\/wp\/v2\/users\/1"}],"replies":[{"embeddable":true,"href":"https:\/\/www.butbn.cas.cz\/sbirkavk\/index.php?rest_route=%2Fwp%2Fv2%2Fcomments&post=686"}],"version-history":[{"count":13,"href":"https:\/\/www.butbn.cas.cz\/sbirkavk\/index.php?rest_route=\/wp\/v2\/posts\/686\/revisions"}],"predecessor-version":[{"id":4302,"href":"https:\/\/www.butbn.cas.cz\/sbirkavk\/index.php?rest_route=\/wp\/v2\/posts\/686\/revisions\/4302"}],"wp:featuredmedia":[{"embeddable":true,"href":"https:\/\/www.butbn.cas.cz\/sbirkavk\/index.php?rest_route=\/wp\/v2\/media\/687"}],"wp:attachment":[{"href":"https:\/\/www.butbn.cas.cz\/sbirkavk\/index.php?rest_route=%2Fwp%2Fv2%2Fmedia&parent=686"}],"wp:term":[{"taxonomy":"category","embeddable":true,"href":"https:\/\/www.butbn.cas.cz\/sbirkavk\/index.php?rest_route=%2Fwp%2Fv2%2Fcategories&post=686"},{"taxonomy":"post_tag","embeddable":true,"href":"https:\/\/www.butbn.cas.cz\/sbirkavk\/index.php?rest_route=%2Fwp%2Fv2%2Ftags&post=686"}],"curies":[{"name":"wp","href":"https:\/\/api.w.org\/{rel}","templated":true}]}}