{"id":4572,"date":"2025-08-19T19:16:29","date_gmt":"2025-08-19T17:16:29","guid":{"rendered":"https:\/\/www.butbn.cas.cz\/sbirkavk\/?p=4572"},"modified":"2025-08-19T21:46:01","modified_gmt":"2025-08-19T19:46:01","slug":"nove-druhy-v-expozici-vodnich-a-bahennich-rostlin","status":"publish","type":"post","link":"https:\/\/www.butbn.cas.cz\/sbirkavk\/?p=4572","title":{"rendered":"Nov\u00e9 druhy v expozici vodn\u00edch a bahenn\u00edch rostlin"},"content":{"rendered":"\n<p>Botanick\u00e1 zahrada T\u0159ebo\u0148 roz\u0161\u00ed\u0159ila svou expozici vodn\u00edch a bahenn\u00edch rostlin o n\u011bkolik zaj\u00edmav\u00fdch druh\u016f, kter\u00e9 poch\u00e1zej\u00ed ze Severn\u00ed a Ji\u017en\u00ed Ameriky, Austr\u00e1lie a jihov\u00fdchodn\u00ed Asie. Tyto rostliny nejsou b\u011b\u017en\u011b k vid\u011bn\u00ed v \u010desk\u00fdch zahrad\u00e1ch a p\u0159edstavuj\u00ed cenn\u00e9 obohacen\u00ed sb\u00edrky.<\/p>\n\n\n\n<p>Nov\u011b m\u016f\u017eete obdivovat&nbsp;<strong><em>Pontederia azurea<\/em><\/strong>&nbsp;(d\u0159\u00edve&nbsp;<em>Eichhornia azurea<\/em>), elegantn\u00ed vodn\u00ed rostlinu s n\u00e1padn\u00fdmi modrofialov\u00fdmi kv\u011bty, kter\u00e1 roste ve stojat\u00fdch vod\u00e1ch tropick\u00e9 Ameriky. Dor\u016fst\u00e1 v\u00fd\u0161ky a\u017e 1 metru a jej\u00ed kv\u011btn\u00ed stonky nesou a\u017e 50 kv\u011bt\u016f. Na rozd\u00edl od zn\u00e1m\u011bj\u0161\u00ed vodn\u00ed hyacinty (<em>Pontederia crassipes<\/em>) m\u00e1 vzp\u0159\u00edmen\u00e9 listy.<\/p>\n\n\n\n<figure class=\"wp-block-image size-large\"><img loading=\"lazy\" decoding=\"async\" width=\"1024\" height=\"684\" data-attachment-id=\"4576\" data-permalink=\"https:\/\/www.butbn.cas.cz\/sbirkavk\/?attachment_id=4576\" data-orig-file=\"https:\/\/www.butbn.cas.cz\/sbirkavk\/wp-content\/uploads\/2025\/08\/aDSC_8091_250623_1127.jpg\" data-orig-size=\"1920,1282\" data-comments-opened=\"1\" data-image-meta=\"{&quot;aperture&quot;:&quot;7.1&quot;,&quot;credit&quot;:&quot;&quot;,&quot;camera&quot;:&quot;NIKON D750&quot;,&quot;caption&quot;:&quot;&quot;,&quot;created_timestamp&quot;:&quot;1750699802&quot;,&quot;copyright&quot;:&quot;&quot;,&quot;focal_length&quot;:&quot;50&quot;,&quot;iso&quot;:&quot;1600&quot;,&quot;shutter_speed&quot;:&quot;0.003125&quot;,&quot;title&quot;:&quot;&quot;,&quot;orientation&quot;:&quot;1&quot;}\" data-image-title=\"aDSC_8091_250623_1127\" data-image-description=\"\" data-image-caption=\"\" data-large-file=\"https:\/\/www.butbn.cas.cz\/sbirkavk\/wp-content\/uploads\/2025\/08\/aDSC_8091_250623_1127-1024x684.jpg\" src=\"https:\/\/www.butbn.cas.cz\/sbirkavk\/wp-content\/uploads\/2025\/08\/aDSC_8091_250623_1127-1024x684.jpg\" alt=\"\" class=\"wp-image-4576\" srcset=\"https:\/\/www.butbn.cas.cz\/sbirkavk\/wp-content\/uploads\/2025\/08\/aDSC_8091_250623_1127-1024x684.jpg 1024w, https:\/\/www.butbn.cas.cz\/sbirkavk\/wp-content\/uploads\/2025\/08\/aDSC_8091_250623_1127-300x200.jpg 300w, https:\/\/www.butbn.cas.cz\/sbirkavk\/wp-content\/uploads\/2025\/08\/aDSC_8091_250623_1127-768x513.jpg 768w, https:\/\/www.butbn.cas.cz\/sbirkavk\/wp-content\/uploads\/2025\/08\/aDSC_8091_250623_1127-1536x1026.jpg 1536w, https:\/\/www.butbn.cas.cz\/sbirkavk\/wp-content\/uploads\/2025\/08\/aDSC_8091_250623_1127.jpg 1920w\" sizes=\"auto, (max-width: 1024px) 100vw, 1024px\" \/><figcaption class=\"wp-element-caption\">  <\/figcaption><\/figure>\n\n\n\n<p>Dal\u0161\u00edm nov\u00fdm druhem je\u00a0<strong><em>Dianthera americana<\/em><\/strong>\u00a0(d\u0159\u00edve\u00a0<em>Justicia americana<\/em>) z \u010deledi paznehtn\u00edkovit\u00e9 (<em>Acanthaceae<\/em>), bahenn\u00ed rostlina ze Severn\u00ed Ameriky, kter\u00e1 vytv\u00e1\u0159\u00ed hust\u00e9 porosty na b\u0159ez\u00edch \u0159ek. Dor\u016fst\u00e1 v\u00fd\u0161ky kolem 40 cm a \u0161\u00ed\u0159ky a\u017e 60 cm. Je cen\u011bna pro sv\u00e9 jemn\u00e9, dvoubarevn\u00e9 kv\u011bty.<\/p>\n\n\n\n<figure class=\"wp-block-image size-large\"><img loading=\"lazy\" decoding=\"async\" width=\"1024\" height=\"684\" data-attachment-id=\"4578\" data-permalink=\"https:\/\/www.butbn.cas.cz\/sbirkavk\/?attachment_id=4578\" data-orig-file=\"https:\/\/www.butbn.cas.cz\/sbirkavk\/wp-content\/uploads\/2025\/08\/aDSC_8690_250701_1133.jpg\" data-orig-size=\"1920,1282\" data-comments-opened=\"1\" data-image-meta=\"{&quot;aperture&quot;:&quot;9&quot;,&quot;credit&quot;:&quot;&quot;,&quot;camera&quot;:&quot;NIKON D750&quot;,&quot;caption&quot;:&quot;&quot;,&quot;created_timestamp&quot;:&quot;1751391121&quot;,&quot;copyright&quot;:&quot;&quot;,&quot;focal_length&quot;:&quot;105&quot;,&quot;iso&quot;:&quot;1600&quot;,&quot;shutter_speed&quot;:&quot;0.00625&quot;,&quot;title&quot;:&quot;&quot;,&quot;orientation&quot;:&quot;1&quot;}\" data-image-title=\"aDSC_8690_250701_1133\" data-image-description=\"\" data-image-caption=\"\" data-large-file=\"https:\/\/www.butbn.cas.cz\/sbirkavk\/wp-content\/uploads\/2025\/08\/aDSC_8690_250701_1133-1024x684.jpg\" src=\"https:\/\/www.butbn.cas.cz\/sbirkavk\/wp-content\/uploads\/2025\/08\/aDSC_8690_250701_1133-1024x684.jpg\" alt=\"\" class=\"wp-image-4578\" srcset=\"https:\/\/www.butbn.cas.cz\/sbirkavk\/wp-content\/uploads\/2025\/08\/aDSC_8690_250701_1133-1024x684.jpg 1024w, https:\/\/www.butbn.cas.cz\/sbirkavk\/wp-content\/uploads\/2025\/08\/aDSC_8690_250701_1133-300x200.jpg 300w, https:\/\/www.butbn.cas.cz\/sbirkavk\/wp-content\/uploads\/2025\/08\/aDSC_8690_250701_1133-768x513.jpg 768w, https:\/\/www.butbn.cas.cz\/sbirkavk\/wp-content\/uploads\/2025\/08\/aDSC_8690_250701_1133-1536x1026.jpg 1536w, https:\/\/www.butbn.cas.cz\/sbirkavk\/wp-content\/uploads\/2025\/08\/aDSC_8690_250701_1133.jpg 1920w\" sizes=\"auto, (max-width: 1024px) 100vw, 1024px\" \/><figcaption class=\"wp-element-caption\">  <\/figcaption><\/figure>\n\n\n\n<p>Zaj\u00edmavost\u00ed je tak\u00e9&nbsp;<strong><em>Marsilea mutica<\/em><\/strong>, kapradina p\u0159ipom\u00ednaj\u00edc\u00ed \u010dty\u0159l\u00edstek, kter\u00e1 roste ve vod\u011b nebo na vlhk\u00fdch m\u00edstech. Tento druh poch\u00e1z\u00ed z Austr\u00e1lie a dor\u016fst\u00e1 v\u00fd\u0161ky 15\u201330 cm a \u0161\u00ed\u0159ky a\u017e 60 cm. Pat\u0159\u00ed mezi vodn\u00ed kapradiny \u2013 jej\u00ed listy se vyno\u0159uj\u00ed nad hladinu a dod\u00e1vaj\u00ed porostu neobvykl\u00fd vzhled.<\/p>\n\n\n\n<figure class=\"wp-block-image size-large\"><img loading=\"lazy\" decoding=\"async\" width=\"1024\" height=\"684\" data-attachment-id=\"4575\" data-permalink=\"https:\/\/www.butbn.cas.cz\/sbirkavk\/?attachment_id=4575\" data-orig-file=\"https:\/\/www.butbn.cas.cz\/sbirkavk\/wp-content\/uploads\/2025\/08\/aDSC_7157_250618_1124.jpg\" data-orig-size=\"1920,1282\" data-comments-opened=\"1\" data-image-meta=\"{&quot;aperture&quot;:&quot;7.1&quot;,&quot;credit&quot;:&quot;&quot;,&quot;camera&quot;:&quot;NIKON D750&quot;,&quot;caption&quot;:&quot;&quot;,&quot;created_timestamp&quot;:&quot;1750262409&quot;,&quot;copyright&quot;:&quot;&quot;,&quot;focal_length&quot;:&quot;105&quot;,&quot;iso&quot;:&quot;800&quot;,&quot;shutter_speed&quot;:&quot;0.004&quot;,&quot;title&quot;:&quot;&quot;,&quot;orientation&quot;:&quot;1&quot;}\" data-image-title=\"aDSC_7157_250618_1124\" data-image-description=\"\" data-image-caption=\"\" data-large-file=\"https:\/\/www.butbn.cas.cz\/sbirkavk\/wp-content\/uploads\/2025\/08\/aDSC_7157_250618_1124-1024x684.jpg\" src=\"https:\/\/www.butbn.cas.cz\/sbirkavk\/wp-content\/uploads\/2025\/08\/aDSC_7157_250618_1124-1024x684.jpg\" alt=\"\" class=\"wp-image-4575\" srcset=\"https:\/\/www.butbn.cas.cz\/sbirkavk\/wp-content\/uploads\/2025\/08\/aDSC_7157_250618_1124-1024x684.jpg 1024w, https:\/\/www.butbn.cas.cz\/sbirkavk\/wp-content\/uploads\/2025\/08\/aDSC_7157_250618_1124-300x200.jpg 300w, https:\/\/www.butbn.cas.cz\/sbirkavk\/wp-content\/uploads\/2025\/08\/aDSC_7157_250618_1124-768x513.jpg 768w, https:\/\/www.butbn.cas.cz\/sbirkavk\/wp-content\/uploads\/2025\/08\/aDSC_7157_250618_1124-1536x1026.jpg 1536w, https:\/\/www.butbn.cas.cz\/sbirkavk\/wp-content\/uploads\/2025\/08\/aDSC_7157_250618_1124.jpg 1920w\" sizes=\"auto, (max-width: 1024px) 100vw, 1024px\" \/><figcaption class=\"wp-element-caption\">  <\/figcaption><\/figure>\n\n\n\n<p>Nov\u011b je v expozici k vid\u011bn\u00ed tak\u00e9\u00a0<strong><em>Ornduffia umbricola<\/em><\/strong>\u00a0(d\u0159\u00edve\u00a0<em>Villarsia umbricola<\/em>), vodn\u00ed rostlina z \u010deledi vachtovit\u00fdch (<em>Menyanthaceae<\/em>), poch\u00e1zej\u00edc\u00ed z tropick\u00e9 Asie a Austr\u00e1lie. Dor\u016fst\u00e1 v\u00fd\u0161ky a\u017e 105 cm a m\u00e1 kulat\u00e9 listy o pr\u016fm\u011bru 1\u201312 cm. Vyzna\u010duje se n\u00e1padn\u00fdmi \u017elut\u00fdmi kv\u011bty a plaziv\u00fdmi oddenky. V p\u0159\u00edrod\u011b roste v m\u011blk\u00fdch vod\u00e1ch a vlhk\u00fdch stanovi\u0161t\u00edch, kde tvo\u0159\u00ed hust\u00e9 porosty.<\/p>\n\n\n\n<figure class=\"wp-block-image size-large\"><img loading=\"lazy\" decoding=\"async\" width=\"1024\" height=\"684\" data-attachment-id=\"4573\" data-permalink=\"https:\/\/www.butbn.cas.cz\/sbirkavk\/?attachment_id=4573\" data-orig-file=\"https:\/\/www.butbn.cas.cz\/sbirkavk\/wp-content\/uploads\/2025\/08\/aDSC_7008_250617_1116.jpg\" data-orig-size=\"1920,1282\" data-comments-opened=\"1\" data-image-meta=\"{&quot;aperture&quot;:&quot;13&quot;,&quot;credit&quot;:&quot;&quot;,&quot;camera&quot;:&quot;NIKON D750&quot;,&quot;caption&quot;:&quot;&quot;,&quot;created_timestamp&quot;:&quot;1750163247&quot;,&quot;copyright&quot;:&quot;&quot;,&quot;focal_length&quot;:&quot;105&quot;,&quot;iso&quot;:&quot;500&quot;,&quot;shutter_speed&quot;:&quot;0.0015625&quot;,&quot;title&quot;:&quot;&quot;,&quot;orientation&quot;:&quot;1&quot;}\" data-image-title=\"aDSC_7008_250617_1116\" data-image-description=\"\" data-image-caption=\"\" data-large-file=\"https:\/\/www.butbn.cas.cz\/sbirkavk\/wp-content\/uploads\/2025\/08\/aDSC_7008_250617_1116-1024x684.jpg\" src=\"https:\/\/www.butbn.cas.cz\/sbirkavk\/wp-content\/uploads\/2025\/08\/aDSC_7008_250617_1116-1024x684.jpg\" alt=\"\" class=\"wp-image-4573\" srcset=\"https:\/\/www.butbn.cas.cz\/sbirkavk\/wp-content\/uploads\/2025\/08\/aDSC_7008_250617_1116-1024x684.jpg 1024w, https:\/\/www.butbn.cas.cz\/sbirkavk\/wp-content\/uploads\/2025\/08\/aDSC_7008_250617_1116-300x200.jpg 300w, https:\/\/www.butbn.cas.cz\/sbirkavk\/wp-content\/uploads\/2025\/08\/aDSC_7008_250617_1116-768x513.jpg 768w, https:\/\/www.butbn.cas.cz\/sbirkavk\/wp-content\/uploads\/2025\/08\/aDSC_7008_250617_1116-1536x1026.jpg 1536w, https:\/\/www.butbn.cas.cz\/sbirkavk\/wp-content\/uploads\/2025\/08\/aDSC_7008_250617_1116.jpg 1920w\" sizes=\"auto, (max-width: 1024px) 100vw, 1024px\" \/><figcaption class=\"wp-element-caption\">  <\/figcaption><\/figure>\n\n\n\n<p>Dal\u0161\u00edm p\u0159\u00edr\u016fstkem je&nbsp;<strong><em>Sagittaria montevidensis<\/em><\/strong>, bahenn\u00ed rostlina s n\u00e1padn\u00fdmi troj\u010detn\u00fdmi kv\u011bty, poch\u00e1zej\u00edc\u00ed z Ji\u017en\u00ed Ameriky. Dor\u016fst\u00e1 v\u00fd\u0161ky 60\u2013120 cm a \u0161\u00ed\u0159ky 30\u201345 cm.&nbsp;Jej\u00ed \u0161\u00eddlovit\u00e9 listy a v\u00fdrazn\u00e9 b\u00edl\u00e9 kv\u011bty s tmav\u00fdm st\u0159edem ji \u010din\u00ed velmi dekorativn\u00ed. V p\u0159\u00edrod\u011b roste na vlhk\u00fdch stanovi\u0161t\u00edch, v p\u0159\u00edkopech a m\u011blk\u00fdch vod\u00e1ch.<\/p>\n\n\n<div class=\"wp-block-image\">\n<figure class=\"aligncenter size-large\"><img loading=\"lazy\" decoding=\"async\" width=\"684\" height=\"1024\" data-attachment-id=\"4577\" data-permalink=\"https:\/\/www.butbn.cas.cz\/sbirkavk\/?attachment_id=4577\" data-orig-file=\"https:\/\/www.butbn.cas.cz\/sbirkavk\/wp-content\/uploads\/2025\/08\/aDSC_8299_250627_1130.jpg\" data-orig-size=\"1282,1920\" data-comments-opened=\"1\" data-image-meta=\"{&quot;aperture&quot;:&quot;13&quot;,&quot;credit&quot;:&quot;&quot;,&quot;camera&quot;:&quot;NIKON D750&quot;,&quot;caption&quot;:&quot;&quot;,&quot;created_timestamp&quot;:&quot;1751029706&quot;,&quot;copyright&quot;:&quot;&quot;,&quot;focal_length&quot;:&quot;105&quot;,&quot;iso&quot;:&quot;250&quot;,&quot;shutter_speed&quot;:&quot;0.008&quot;,&quot;title&quot;:&quot;&quot;,&quot;orientation&quot;:&quot;1&quot;}\" data-image-title=\"aDSC_8299_250627_1130\" data-image-description=\"\" data-image-caption=\"\" data-large-file=\"https:\/\/www.butbn.cas.cz\/sbirkavk\/wp-content\/uploads\/2025\/08\/aDSC_8299_250627_1130-684x1024.jpg\" src=\"https:\/\/www.butbn.cas.cz\/sbirkavk\/wp-content\/uploads\/2025\/08\/aDSC_8299_250627_1130-684x1024.jpg\" alt=\"\" class=\"wp-image-4577\" srcset=\"https:\/\/www.butbn.cas.cz\/sbirkavk\/wp-content\/uploads\/2025\/08\/aDSC_8299_250627_1130-684x1024.jpg 684w, https:\/\/www.butbn.cas.cz\/sbirkavk\/wp-content\/uploads\/2025\/08\/aDSC_8299_250627_1130-200x300.jpg 200w, https:\/\/www.butbn.cas.cz\/sbirkavk\/wp-content\/uploads\/2025\/08\/aDSC_8299_250627_1130-768x1150.jpg 768w, https:\/\/www.butbn.cas.cz\/sbirkavk\/wp-content\/uploads\/2025\/08\/aDSC_8299_250627_1130-1026x1536.jpg 1026w, https:\/\/www.butbn.cas.cz\/sbirkavk\/wp-content\/uploads\/2025\/08\/aDSC_8299_250627_1130.jpg 1282w\" sizes=\"auto, (max-width: 684px) 100vw, 684px\" \/><figcaption class=\"wp-element-caption\">  <\/figcaption><\/figure>\n<\/div>\n\n\n<p>Tyto nov\u00e9 druhy dopl\u0148uj\u00ed na\u0161i sb\u00edrku vodn\u00edch rostlin a roz\u0161i\u0159uj\u00ed botanickou rozmanitost zahrady. P\u0159ij\u010fte se pod\u00edvat!<\/p>\n","protected":false},"excerpt":{"rendered":"<p>Botanick\u00e1 zahrada T\u0159ebo\u0148 roz\u0161\u00ed\u0159ila svou expozici vodn\u00edch a bahenn\u00edch rostlin o n\u011bkolik zaj\u00edmav\u00fdch druh\u016f, kter\u00e9 poch\u00e1zej\u00ed ze Severn\u00ed a Ji\u017en\u00ed&hellip; <\/p>\n","protected":false},"author":1,"featured_media":4574,"comment_status":"closed","ping_status":"closed","sticky":false,"template":"","format":"standard","meta":{"jetpack_post_was_ever_published":false,"_jetpack_newsletter_access":"","_jetpack_dont_email_post_to_subs":false,"_jetpack_newsletter_tier_id":0,"_jetpack_memberships_contains_paywalled_content":false,"_jetpack_memberships_contains_paid_content":false,"footnotes":"","jetpack_publicize_message":"","jetpack_publicize_feature_enabled":true,"jetpack_social_post_already_shared":true,"jetpack_social_options":{"image_generator_settings":{"template":"highway","default_image_id":0,"font":"","enabled":false},"version":2}},"categories":[38],"tags":[],"class_list":["post-4572","post","type-post","status-publish","format-standard","has-post-thumbnail","hentry","category-nezarazene-cs"],"jetpack_publicize_connections":[],"jetpack_featured_media_url":"https:\/\/www.butbn.cas.cz\/sbirkavk\/wp-content\/uploads\/2025\/08\/aDSC_7016_250617_1118.jpg","jetpack_sharing_enabled":true,"jetpack_shortlink":"https:\/\/wp.me\/p8pa9i-1bK","jetpack-related-posts":[{"id":4391,"url":"https:\/\/www.butbn.cas.cz\/sbirkavk\/?p=4391","url_meta":{"origin":4572,"position":0},"title":"V\u00fdstava Vodn\u00ed a maso\u017erav\u00e9 rostliny z cel\u00e9ho sv\u011bta","author":"Jana Navr\u00e1tilov\u00e1","date":"21 kv\u011btna, 2025","format":false,"excerpt":"Od 15. kv\u011btna a\u017e do 30. z\u00e1\u0159\u00ed 2025 prob\u00edh\u00e1 v mal\u00e9m sklen\u00edku v\u00fdstava exotick\u00fdch vodn\u00edch a maso\u017erav\u00fdch rostlin. Pozorovat bude mo\u017en\u00e9 vodn\u00ed rostliny t\u0159\u00ed kontinent\u016f: Ameriky, Afriky a Asie. Expozici maso\u017erav\u00fdch rostlin dominuje kv\u011btena Severn\u00ed Ameriky se sv\u00fdmi \u0161pirlicemi, mucholapkami, rosnatkami a tak\u00e9 borovic\u00ed bahenn\u00ed. Biotop s jihoamerickou maso\u017eravou kv\u011btenou\u2026","rel":"","context":"V \u201eNeza?azen?\u201c","block_context":{"text":"Neza?azen?","link":"https:\/\/www.butbn.cas.cz\/sbirkavk\/?cat=38"},"img":{"alt_text":"","src":"https:\/\/i0.wp.com\/www.butbn.cas.cz\/sbirkavk\/wp-content\/uploads\/2025\/05\/aDSC_1161__01.jpg?resize=350%2C200&ssl=1","width":350,"height":200,"srcset":"https:\/\/i0.wp.com\/www.butbn.cas.cz\/sbirkavk\/wp-content\/uploads\/2025\/05\/aDSC_1161__01.jpg?resize=350%2C200&ssl=1 1x, https:\/\/i0.wp.com\/www.butbn.cas.cz\/sbirkavk\/wp-content\/uploads\/2025\/05\/aDSC_1161__01.jpg?resize=525%2C300&ssl=1 1.5x, https:\/\/i0.wp.com\/www.butbn.cas.cz\/sbirkavk\/wp-content\/uploads\/2025\/05\/aDSC_1161__01.jpg?resize=700%2C400&ssl=1 2x, https:\/\/i0.wp.com\/www.butbn.cas.cz\/sbirkavk\/wp-content\/uploads\/2025\/05\/aDSC_1161__01.jpg?resize=1050%2C600&ssl=1 3x, https:\/\/i0.wp.com\/www.butbn.cas.cz\/sbirkavk\/wp-content\/uploads\/2025\/05\/aDSC_1161__01.jpg?resize=1400%2C800&ssl=1 4x"},"classes":[]},{"id":3890,"url":"https:\/\/www.butbn.cas.cz\/sbirkavk\/?p=3890","url_meta":{"origin":4572,"position":1},"title":"Vodn\u00ed a maso\u017erav\u00e9 rostliny z cel\u00e9ho sv\u011bta 2023","author":"Jana Navr\u00e1tilov\u00e1","date":"10 \u010dervna, 2023","format":false,"excerpt":"V Botanick\u00e9 zahrad\u011b T\u0159ebo\u0148 jsme letos p\u0159ipravili n\u00e1v\u0161t\u011bvn\u00edk\u016fm p\u0159ekvapen\u00ed v podob\u011b vylep\u0161en\u00e9 sklen\u00edkov\u00e9 sez\u00f3nn\u00ed v\u00fdstavy Vodn\u00ed a maso\u017erav\u00e9 rostliny z cel\u00e9ho sv\u011bta v nov\u011b opraven\u00e9m sklen\u00edku. V akv\u00e1ri\u00edch je mo\u017en\u00e9 pozorovat vodn\u00ed rostliny t\u0159\u00ed kontinent\u016f: Ameriky, Afriky a Asie. Expozici maso\u017erav\u00fdch rostlin dominuje kv\u011btena Severn\u00ed Ameriky se sv\u00fdmi \u0161pirlicemi, mucholapkami,\u2026","rel":"","context":"V \u201eNeza?azen?\u201c","block_context":{"text":"Neza?azen?","link":"https:\/\/www.butbn.cas.cz\/sbirkavk\/?cat=38"},"img":{"alt_text":"","src":"https:\/\/i0.wp.com\/www.butbn.cas.cz\/sbirkavk\/wp-content\/uploads\/2023\/06\/vystava_2023_a-scaled.jpg?resize=350%2C200&ssl=1","width":350,"height":200,"srcset":"https:\/\/i0.wp.com\/www.butbn.cas.cz\/sbirkavk\/wp-content\/uploads\/2023\/06\/vystava_2023_a-scaled.jpg?resize=350%2C200&ssl=1 1x, https:\/\/i0.wp.com\/www.butbn.cas.cz\/sbirkavk\/wp-content\/uploads\/2023\/06\/vystava_2023_a-scaled.jpg?resize=525%2C300&ssl=1 1.5x, https:\/\/i0.wp.com\/www.butbn.cas.cz\/sbirkavk\/wp-content\/uploads\/2023\/06\/vystava_2023_a-scaled.jpg?resize=700%2C400&ssl=1 2x, https:\/\/i0.wp.com\/www.butbn.cas.cz\/sbirkavk\/wp-content\/uploads\/2023\/06\/vystava_2023_a-scaled.jpg?resize=1050%2C600&ssl=1 3x, https:\/\/i0.wp.com\/www.butbn.cas.cz\/sbirkavk\/wp-content\/uploads\/2023\/06\/vystava_2023_a-scaled.jpg?resize=1400%2C800&ssl=1 4x"},"classes":[]},{"id":2984,"url":"https:\/\/www.butbn.cas.cz\/sbirkavk\/?p=2984","url_meta":{"origin":4572,"position":2},"title":"Vodn\u00ed a maso\u017erav\u00e9 rostliny z cel\u00e9ho sv\u011bta &#8211; v\u00fdstava zah\u00e1jena","author":"Jana Navr\u00e1tilov\u00e1","date":"2 \u010dervna, 2021","format":false,"excerpt":"Botanick\u00e1 zahrada T\u0159ebo\u0148 po\u0159\u00e1d\u00e1 od 1. \u010dervna do 15. z\u00e1\u0159\u00ed 2021 sklen\u00edkovou v\u00fdstavu \"Vodn\u00ed a maso\u017erav\u00e9 rostliny z cel\u00e9ho sv\u011bta\". V\u00fdstava je um\u00edst\u011bna v mal\u00e9m sklen\u00edku p\u0159\u00edmo v botanick\u00e9 zahrad\u011b a je p\u0159\u00edstupn\u00e1 v otv\u00edrac\u00ed dob\u011b zahrady, to je denn\u011b od 8 do 18 hodin. Prohl\u00e9dnout si zde m\u016f\u017eete z\u00e1stupce\u2026","rel":"","context":"V \u201eimages\u201c","block_context":{"text":"images","link":"https:\/\/www.butbn.cas.cz\/sbirkavk\/?cat=99"},"img":{"alt_text":"","src":"https:\/\/i0.wp.com\/www.butbn.cas.cz\/sbirkavk\/wp-content\/uploads\/2021\/06\/vystava_2021.jpg?resize=350%2C200&ssl=1","width":350,"height":200,"srcset":"https:\/\/i0.wp.com\/www.butbn.cas.cz\/sbirkavk\/wp-content\/uploads\/2021\/06\/vystava_2021.jpg?resize=350%2C200&ssl=1 1x, https:\/\/i0.wp.com\/www.butbn.cas.cz\/sbirkavk\/wp-content\/uploads\/2021\/06\/vystava_2021.jpg?resize=525%2C300&ssl=1 1.5x, https:\/\/i0.wp.com\/www.butbn.cas.cz\/sbirkavk\/wp-content\/uploads\/2021\/06\/vystava_2021.jpg?resize=700%2C400&ssl=1 2x"},"classes":[]},{"id":4015,"url":"https:\/\/www.butbn.cas.cz\/sbirkavk\/?p=4015","url_meta":{"origin":4572,"position":3},"title":"Zah\u00e1jen\u00ed n\u00e1v\u0161t\u011bvnick\u00e9 sez\u00f3ny 2024","author":"Jana Navr\u00e1tilov\u00e1","date":"16 dubna, 2024","format":false,"excerpt":"Jaro 2024 uh\u00e1n\u00ed m\u00edlov\u00fdmi kroky a my s n\u00edm mus\u00edme dr\u017eet krok. Botanickou zahradu T\u0159ebo\u0148 proto pro ve\u0159ejnost otev\u0159eme netradi\u010dn\u011b u\u017e v\u202fpond\u011bl\u00ed 22. dubna. Tento rok jsme expozice obohatili o typick\u00e9 \u010dasn\u011b jarn\u00ed druhy jako jsou sn\u011b\u017eenky, bledule jarn\u00ed, lado\u0148ky a dev\u011btsily, kter\u00e9 rozkv\u00e9taj\u00ed s orsejemi, prvosenkami, sasankami a blatouchy.\u2026","rel":"","context":"V \u201eNeza?azen?\u201c","block_context":{"text":"Neza?azen?","link":"https:\/\/www.butbn.cas.cz\/sbirkavk\/?cat=38"},"img":{"alt_text":"","src":"https:\/\/i0.wp.com\/www.butbn.cas.cz\/sbirkavk\/wp-content\/uploads\/2024\/04\/zahajeni_sezony_24.jpg?resize=350%2C200&ssl=1","width":350,"height":200,"srcset":"https:\/\/i0.wp.com\/www.butbn.cas.cz\/sbirkavk\/wp-content\/uploads\/2024\/04\/zahajeni_sezony_24.jpg?resize=350%2C200&ssl=1 1x, https:\/\/i0.wp.com\/www.butbn.cas.cz\/sbirkavk\/wp-content\/uploads\/2024\/04\/zahajeni_sezony_24.jpg?resize=525%2C300&ssl=1 1.5x, https:\/\/i0.wp.com\/www.butbn.cas.cz\/sbirkavk\/wp-content\/uploads\/2024\/04\/zahajeni_sezony_24.jpg?resize=700%2C400&ssl=1 2x, https:\/\/i0.wp.com\/www.butbn.cas.cz\/sbirkavk\/wp-content\/uploads\/2024\/04\/zahajeni_sezony_24.jpg?resize=1050%2C600&ssl=1 3x, https:\/\/i0.wp.com\/www.butbn.cas.cz\/sbirkavk\/wp-content\/uploads\/2024\/04\/zahajeni_sezony_24.jpg?resize=1400%2C800&ssl=1 4x"},"classes":[]},{"id":3663,"url":"https:\/\/www.butbn.cas.cz\/sbirkavk\/?p=3663","url_meta":{"origin":4572,"position":4},"title":"Zah\u00e1jen\u00ed n\u00e1v\u0161t\u011bvnick\u00e9 sez\u00f3ny 2023","author":"Jana Navr\u00e1tilov\u00e1","date":"16 dubna, 2023","format":false,"excerpt":"Botanick\u00e1 zahrada T\u0159ebo\u0148 se pro ve\u0159ejnost letos otev\u0159e v\u202fpond\u011bl\u00ed 1. kv\u011btna. Podle po\u010das\u00ed budou z\u202fpo\u010d\u00e1tku k\u202fvid\u011bn\u00ed p\u0159ev\u00e1\u017en\u011b drobn\u00e9 mok\u0159adn\u00ed druhy na\u0161\u00ed p\u0159\u00edrody. Nejd\u0159\u00edve rozkv\u00e9taj\u00ed orseje, blatouchy, prvosenky, sasanky, vachty nebo tak\u00e9 mok\u0159adn\u00ed orchideje \u2013 prstnatce. \u010cerven je nejlep\u0161\u00ed obdob\u00ed pro z\u00e1jemce o po\u010detn\u00e9 mok\u0159adn\u00ed traviny, zejm\u00e9na ost\u0159ice. V\u011bt\u0161ina z\u202fnich vykv\u00e9t\u00e1,\u2026","rel":"","context":"V \u201eNeza?azen?\u201c","block_context":{"text":"Neza?azen?","link":"https:\/\/www.butbn.cas.cz\/sbirkavk\/?cat=38"},"img":{"alt_text":"","src":"https:\/\/i0.wp.com\/www.butbn.cas.cz\/sbirkavk\/wp-content\/uploads\/2023\/04\/zahajeni_sezony_2023.jpg?resize=350%2C200&ssl=1","width":350,"height":200,"srcset":"https:\/\/i0.wp.com\/www.butbn.cas.cz\/sbirkavk\/wp-content\/uploads\/2023\/04\/zahajeni_sezony_2023.jpg?resize=350%2C200&ssl=1 1x, https:\/\/i0.wp.com\/www.butbn.cas.cz\/sbirkavk\/wp-content\/uploads\/2023\/04\/zahajeni_sezony_2023.jpg?resize=525%2C300&ssl=1 1.5x, https:\/\/i0.wp.com\/www.butbn.cas.cz\/sbirkavk\/wp-content\/uploads\/2023\/04\/zahajeni_sezony_2023.jpg?resize=700%2C400&ssl=1 2x, https:\/\/i0.wp.com\/www.butbn.cas.cz\/sbirkavk\/wp-content\/uploads\/2023\/04\/zahajeni_sezony_2023.jpg?resize=1050%2C600&ssl=1 3x, https:\/\/i0.wp.com\/www.butbn.cas.cz\/sbirkavk\/wp-content\/uploads\/2023\/04\/zahajeni_sezony_2023.jpg?resize=1400%2C800&ssl=1 4x"},"classes":[]},{"id":4581,"url":"https:\/\/www.butbn.cas.cz\/sbirkavk\/?p=4581","url_meta":{"origin":4572,"position":5},"title":"V\u00fdstava vodn\u00edch a maso\u017erav\u00fdch rostlin pokra\u010duje a\u017e do 30. z\u00e1\u0159\u00ed","author":"Jana Navr\u00e1tilov\u00e1","date":"19 srpna, 2025","format":false,"excerpt":"V Botanick\u00e9 zahrad\u011b T\u0159ebo\u0148 pokra\u010duje a\u017e do konce z\u00e1\u0159\u00ed v\u00fdstava\u00a0Vodn\u00ed a maso\u017erav\u00e9 rostliny z cel\u00e9ho sv\u011bta, kter\u00e1 prob\u00edh\u00e1 v mal\u00e9m sklen\u00edku od 15. kv\u011btna. N\u00e1v\u0161t\u011bvn\u00edci maj\u00ed jedine\u010dnou p\u0159\u00edle\u017eitost sezn\u00e1mit se s\u00a0vybran\u00fdmi druhy mok\u0159ad\u016f Ameriky, Afriky, Asie a Austr\u00e1lie.","rel":"","context":"V \u201eNeza?azen?\u201c","block_context":{"text":"Neza?azen?","link":"https:\/\/www.butbn.cas.cz\/sbirkavk\/?cat=38"},"img":{"alt_text":"","src":"https:\/\/i0.wp.com\/www.butbn.cas.cz\/sbirkavk\/wp-content\/uploads\/2025\/08\/Sklenicek_25_A3_zmensene.jpg?resize=350%2C200&ssl=1","width":350,"height":200,"srcset":"https:\/\/i0.wp.com\/www.butbn.cas.cz\/sbirkavk\/wp-content\/uploads\/2025\/08\/Sklenicek_25_A3_zmensene.jpg?resize=350%2C200&ssl=1 1x, https:\/\/i0.wp.com\/www.butbn.cas.cz\/sbirkavk\/wp-content\/uploads\/2025\/08\/Sklenicek_25_A3_zmensene.jpg?resize=525%2C300&ssl=1 1.5x, https:\/\/i0.wp.com\/www.butbn.cas.cz\/sbirkavk\/wp-content\/uploads\/2025\/08\/Sklenicek_25_A3_zmensene.jpg?resize=700%2C400&ssl=1 2x, https:\/\/i0.wp.com\/www.butbn.cas.cz\/sbirkavk\/wp-content\/uploads\/2025\/08\/Sklenicek_25_A3_zmensene.jpg?resize=1050%2C600&ssl=1 3x, https:\/\/i0.wp.com\/www.butbn.cas.cz\/sbirkavk\/wp-content\/uploads\/2025\/08\/Sklenicek_25_A3_zmensene.jpg?resize=1400%2C800&ssl=1 4x"},"classes":[]}],"_links":{"self":[{"href":"https:\/\/www.butbn.cas.cz\/sbirkavk\/index.php?rest_route=\/wp\/v2\/posts\/4572","targetHints":{"allow":["GET"]}}],"collection":[{"href":"https:\/\/www.butbn.cas.cz\/sbirkavk\/index.php?rest_route=\/wp\/v2\/posts"}],"about":[{"href":"https:\/\/www.butbn.cas.cz\/sbirkavk\/index.php?rest_route=\/wp\/v2\/types\/post"}],"author":[{"embeddable":true,"href":"https:\/\/www.butbn.cas.cz\/sbirkavk\/index.php?rest_route=\/wp\/v2\/users\/1"}],"replies":[{"embeddable":true,"href":"https:\/\/www.butbn.cas.cz\/sbirkavk\/index.php?rest_route=%2Fwp%2Fv2%2Fcomments&post=4572"}],"version-history":[{"count":3,"href":"https:\/\/www.butbn.cas.cz\/sbirkavk\/index.php?rest_route=\/wp\/v2\/posts\/4572\/revisions"}],"predecessor-version":[{"id":4606,"href":"https:\/\/www.butbn.cas.cz\/sbirkavk\/index.php?rest_route=\/wp\/v2\/posts\/4572\/revisions\/4606"}],"wp:featuredmedia":[{"embeddable":true,"href":"https:\/\/www.butbn.cas.cz\/sbirkavk\/index.php?rest_route=\/wp\/v2\/media\/4574"}],"wp:attachment":[{"href":"https:\/\/www.butbn.cas.cz\/sbirkavk\/index.php?rest_route=%2Fwp%2Fv2%2Fmedia&parent=4572"}],"wp:term":[{"taxonomy":"category","embeddable":true,"href":"https:\/\/www.butbn.cas.cz\/sbirkavk\/index.php?rest_route=%2Fwp%2Fv2%2Fcategories&post=4572"},{"taxonomy":"post_tag","embeddable":true,"href":"https:\/\/www.butbn.cas.cz\/sbirkavk\/index.php?rest_route=%2Fwp%2Fv2%2Ftags&post=4572"}],"curies":[{"name":"wp","href":"https:\/\/api.w.org\/{rel}","templated":true}]}}