{"id":4211,"date":"2024-09-19T21:24:38","date_gmt":"2024-09-19T19:24:38","guid":{"rendered":"https:\/\/www.butbn.cas.cz\/sbirkavk\/?p=4211"},"modified":"2024-09-19T21:24:40","modified_gmt":"2024-09-19T19:24:40","slug":"zahrada-po-povodnich-opet-otevrena","status":"publish","type":"post","link":"https:\/\/www.butbn.cas.cz\/sbirkavk\/?p=4211","title":{"rendered":"Zahrada po povodn\u00edch op\u011bt otev\u0159ena"},"content":{"rendered":"\n<p>V souvislosti se zlep\u0161en\u00edm klimatick\u00e9 i povod\u0148ov\u00e9 situace je Botanick\u00e1 zahrada T\u0159ebo\u0148 op\u011bt otev\u0159ena pro podzimn\u00ed n\u00e1v\u0161t\u011bvy.<\/p>\n\n\n\n<p>D\u011bkujeme za trp\u011blivost a t\u011b\u0161\u00edme se na v\u00e1s.<\/p>\n\n\n\n<figure class=\"wp-block-image alignwide size-large\"><img loading=\"lazy\" decoding=\"async\" width=\"1024\" height=\"683\" data-attachment-id=\"4212\" data-permalink=\"https:\/\/www.butbn.cas.cz\/sbirkavk\/?attachment_id=4212\" data-orig-file=\"https:\/\/www.butbn.cas.cz\/sbirkavk\/wp-content\/uploads\/2024\/09\/aDSC_2129_.jpg\" data-orig-size=\"1920,1280\" data-comments-opened=\"1\" data-image-meta=\"{&quot;aperture&quot;:&quot;13&quot;,&quot;credit&quot;:&quot;&quot;,&quot;camera&quot;:&quot;NIKON D750&quot;,&quot;caption&quot;:&quot;&quot;,&quot;created_timestamp&quot;:&quot;1726743144&quot;,&quot;copyright&quot;:&quot;&quot;,&quot;focal_length&quot;:&quot;105&quot;,&quot;iso&quot;:&quot;800&quot;,&quot;shutter_speed&quot;:&quot;0.0008&quot;,&quot;title&quot;:&quot;&quot;,&quot;orientation&quot;:&quot;1&quot;}\" data-image-title=\"aDSC_2129_\" data-image-description=\"\" data-image-caption=\"\" data-large-file=\"https:\/\/www.butbn.cas.cz\/sbirkavk\/wp-content\/uploads\/2024\/09\/aDSC_2129_-1024x683.jpg\" src=\"https:\/\/www.butbn.cas.cz\/sbirkavk\/wp-content\/uploads\/2024\/09\/aDSC_2129_-1024x683.jpg\" alt=\"\" class=\"wp-image-4212\" srcset=\"https:\/\/www.butbn.cas.cz\/sbirkavk\/wp-content\/uploads\/2024\/09\/aDSC_2129_-1024x683.jpg 1024w, https:\/\/www.butbn.cas.cz\/sbirkavk\/wp-content\/uploads\/2024\/09\/aDSC_2129_-300x200.jpg 300w, https:\/\/www.butbn.cas.cz\/sbirkavk\/wp-content\/uploads\/2024\/09\/aDSC_2129_-768x512.jpg 768w, https:\/\/www.butbn.cas.cz\/sbirkavk\/wp-content\/uploads\/2024\/09\/aDSC_2129_-1536x1024.jpg 1536w, https:\/\/www.butbn.cas.cz\/sbirkavk\/wp-content\/uploads\/2024\/09\/aDSC_2129_.jpg 1920w\" sizes=\"auto, (max-width: 1024px) 100vw, 1024px\" \/><\/figure>\n","protected":false},"excerpt":{"rendered":"<p>V souvislosti se zlep\u0161en\u00edm klimatick\u00e9 i povod\u0148ov\u00e9 situace je Botanick\u00e1 zahrada T\u0159ebo\u0148 op\u011bt otev\u0159ena pro podzimn\u00ed n\u00e1v\u0161t\u011bvy. D\u011bkujeme za trp\u011blivost&hellip; <\/p>\n","protected":false},"author":1,"featured_media":4213,"comment_status":"closed","ping_status":"closed","sticky":false,"template":"","format":"standard","meta":{"jetpack_post_was_ever_published":false,"_jetpack_newsletter_access":"","_jetpack_dont_email_post_to_subs":false,"_jetpack_newsletter_tier_id":0,"_jetpack_memberships_contains_paywalled_content":false,"_jetpack_memberships_contains_paid_content":false,"footnotes":"","jetpack_publicize_message":"","jetpack_publicize_feature_enabled":true,"jetpack_social_post_already_shared":true,"jetpack_social_options":{"image_generator_settings":{"template":"highway","default_image_id":0,"font":"","enabled":false},"version":2}},"categories":[38],"tags":[],"class_list":["post-4211","post","type-post","status-publish","format-standard","has-post-thumbnail","hentry","category-nezarazene-cs"],"jetpack_publicize_connections":[],"jetpack_featured_media_url":"https:\/\/www.butbn.cas.cz\/sbirkavk\/wp-content\/uploads\/2024\/09\/aDSC_2127_.jpg","jetpack_sharing_enabled":true,"jetpack_shortlink":"https:\/\/wp.me\/p8pa9i-15V","jetpack-related-posts":[{"id":2966,"url":"https:\/\/www.butbn.cas.cz\/sbirkavk\/?p=2966","url_meta":{"origin":4211,"position":0},"title":"Botanick\u00e1 zahrada T\u0159ebo\u0148 op\u011bt pln\u011b p\u0159\u00edstupn\u00e1 ve\u0159ejnosti","author":"Jana Navr\u00e1tilov\u00e1","date":"5 kv\u011btna, 2021","format":false,"excerpt":"S radost\u00ed V\u00e1m oznamujeme, \u017ee podle vl\u00e1dn\u00edch na\u0159\u00edzen\u00ed je Botanick\u00e1 zahrada otev\u0159ena bez omezen\u00ed p\u0159\u00edstupn\u00e1 v\u0161em z\u00e1jemc\u016fm o sv\u011bt rostlin. T\u011b\u0161\u00edme se na Va\u0161i n\u00e1v\u0161t\u011bvu!","rel":"","context":"V \u201eNeza?azen?\u201c","block_context":{"text":"Neza?azen?","link":"https:\/\/www.butbn.cas.cz\/sbirkavk\/?cat=38"},"img":{"alt_text":"","src":"https:\/\/i0.wp.com\/www.butbn.cas.cz\/sbirkavk\/wp-content\/uploads\/2021\/06\/Zahajeni_sezony_2021.jpg?resize=350%2C200&ssl=1","width":350,"height":200,"srcset":"https:\/\/i0.wp.com\/www.butbn.cas.cz\/sbirkavk\/wp-content\/uploads\/2021\/06\/Zahajeni_sezony_2021.jpg?resize=350%2C200&ssl=1 1x, https:\/\/i0.wp.com\/www.butbn.cas.cz\/sbirkavk\/wp-content\/uploads\/2021\/06\/Zahajeni_sezony_2021.jpg?resize=525%2C300&ssl=1 1.5x, https:\/\/i0.wp.com\/www.butbn.cas.cz\/sbirkavk\/wp-content\/uploads\/2021\/06\/Zahajeni_sezony_2021.jpg?resize=700%2C400&ssl=1 2x"},"classes":[]},{"id":2941,"url":"https:\/\/www.butbn.cas.cz\/sbirkavk\/?p=2941","url_meta":{"origin":4211,"position":1},"title":"Botanick\u00e1 zahrada vstupuje do sez\u00f3ny 2021","author":"Jana Navr\u00e1tilov\u00e1","date":"14 dubna, 2021","format":false,"excerpt":"Zdrav\u00edme v\u0161echny p\u0159\u00edznivce rostlin a na\u0161\u00ed botanick\u00e9 zahrady. Pro ve\u0159ejnost bude zahrada otev\u0159ena tradi\u010dn\u011b od 1. kv\u011btna v re\u017eimu aktu\u00e1ln\u011b platn\u00fdch omezen\u00ed. T\u011b\u0161\u00edme se na setk\u00e1n\u00ed. Zahrada se probouz\u00ed.","rel":"","context":"V \u201eNeza?azen?\u201c","block_context":{"text":"Neza?azen?","link":"https:\/\/www.butbn.cas.cz\/sbirkavk\/?cat=38"},"img":{"alt_text":"","src":"https:\/\/i0.wp.com\/www.butbn.cas.cz\/sbirkavk\/wp-content\/uploads\/2021\/04\/aDSC_9190.jpg?resize=350%2C200&ssl=1","width":350,"height":200,"srcset":"https:\/\/i0.wp.com\/www.butbn.cas.cz\/sbirkavk\/wp-content\/uploads\/2021\/04\/aDSC_9190.jpg?resize=350%2C200&ssl=1 1x, https:\/\/i0.wp.com\/www.butbn.cas.cz\/sbirkavk\/wp-content\/uploads\/2021\/04\/aDSC_9190.jpg?resize=525%2C300&ssl=1 1.5x, https:\/\/i0.wp.com\/www.butbn.cas.cz\/sbirkavk\/wp-content\/uploads\/2021\/04\/aDSC_9190.jpg?resize=700%2C400&ssl=1 2x, https:\/\/i0.wp.com\/www.butbn.cas.cz\/sbirkavk\/wp-content\/uploads\/2021\/04\/aDSC_9190.jpg?resize=1050%2C600&ssl=1 3x, https:\/\/i0.wp.com\/www.butbn.cas.cz\/sbirkavk\/wp-content\/uploads\/2021\/04\/aDSC_9190.jpg?resize=1400%2C800&ssl=1 4x"},"classes":[]},{"id":4205,"url":"https:\/\/www.butbn.cas.cz\/sbirkavk\/?p=4205","url_meta":{"origin":4211,"position":2},"title":"Uzav\u0159en\u00ed zahrady od 14.9.2024 z d\u016fvodu nep\u0159\u00edzniv\u00e9 klimatick\u00e9 situace","author":"Jana Navr\u00e1tilov\u00e1","date":"12 z\u00e1\u0159\u00ed, 2024","format":false,"excerpt":"Od 14.9.2024 do odvol\u00e1n\u00ed bude Botanick\u00e9 zahrada T\u0159ebo\u0148 pro ve\u0159ejnost uzav\u0159ena. D\u016fvodem jsou trval\u00e9 vydatn\u00e9 de\u0161\u0165ov\u00e9 sr\u00e1\u017eky, siln\u00fd v\u00edtr a nebezpe\u010d\u00ed povodn\u00ed, kter\u00e9 neumo\u017e\u0148uj\u00ed zp\u0159\u00edstupn\u011bn\u00ed zahrady v t\u011bchto dnech. O op\u011btovn\u00e9m otev\u0159en\u00ed zahrady V\u00e1s budeme informovat. D\u011bkujeme za pochopen\u00ed!","rel":"","context":"V \u201eNeza?azen?\u201c","block_context":{"text":"Neza?azen?","link":"https:\/\/www.butbn.cas.cz\/sbirkavk\/?cat=38"},"img":{"alt_text":"","src":"https:\/\/i0.wp.com\/www.butbn.cas.cz\/sbirkavk\/wp-content\/uploads\/2024\/09\/aDSC_8236_.jpg?resize=350%2C200&ssl=1","width":350,"height":200,"srcset":"https:\/\/i0.wp.com\/www.butbn.cas.cz\/sbirkavk\/wp-content\/uploads\/2024\/09\/aDSC_8236_.jpg?resize=350%2C200&ssl=1 1x, https:\/\/i0.wp.com\/www.butbn.cas.cz\/sbirkavk\/wp-content\/uploads\/2024\/09\/aDSC_8236_.jpg?resize=525%2C300&ssl=1 1.5x, https:\/\/i0.wp.com\/www.butbn.cas.cz\/sbirkavk\/wp-content\/uploads\/2024\/09\/aDSC_8236_.jpg?resize=700%2C400&ssl=1 2x, https:\/\/i0.wp.com\/www.butbn.cas.cz\/sbirkavk\/wp-content\/uploads\/2024\/09\/aDSC_8236_.jpg?resize=1050%2C600&ssl=1 3x, https:\/\/i0.wp.com\/www.butbn.cas.cz\/sbirkavk\/wp-content\/uploads\/2024\/09\/aDSC_8236_.jpg?resize=1400%2C800&ssl=1 4x"},"classes":[]},{"id":4275,"url":"https:\/\/www.butbn.cas.cz\/sbirkavk\/?p=4275","url_meta":{"origin":4211,"position":3},"title":"Pl\u00e1n akc\u00ed v Botanick\u00e9 zahrad\u011b T\u0159ebo\u0148 2025","author":"Jana Navr\u00e1tilov\u00e1","date":"16 b\u0159ezna, 2025","format":false,"excerpt":"V roce 2025 pro n\u00e1v\u0161t\u011bvn\u00edky pl\u00e1nujeme v Botanick\u00e9 zahrad\u011b T\u0159ebo\u0148 n\u00e1sleduj\u00edc\u00ed akce: 15. 5. a\u017e 30. 9. 2025 V\u00fdstava vodn\u00ed a maso\u017erav\u00e9 rostliny z cel\u00e9ho sv\u011bta V mal\u00e9m sklen\u00edku\u00a0bude od 15.5. p\u0159ipravena expozice vodn\u00edch a maso\u017erav\u00fdch rostlin. 22. 5. 2025 Den botanick\u00fdch zahrad Celosv\u011btov\u00fd den botanick\u00fdch zahrad oslav\u00edme v Botanick\u00e9\u2026","rel":"","context":"V \u201eNeza?azen?\u201c","block_context":{"text":"Neza?azen?","link":"https:\/\/www.butbn.cas.cz\/sbirkavk\/?cat=38"},"img":{"alt_text":"","src":"https:\/\/i0.wp.com\/www.butbn.cas.cz\/sbirkavk\/wp-content\/uploads\/2025\/03\/aaaDSC_7763_.jpg?resize=350%2C200&ssl=1","width":350,"height":200,"srcset":"https:\/\/i0.wp.com\/www.butbn.cas.cz\/sbirkavk\/wp-content\/uploads\/2025\/03\/aaaDSC_7763_.jpg?resize=350%2C200&ssl=1 1x, https:\/\/i0.wp.com\/www.butbn.cas.cz\/sbirkavk\/wp-content\/uploads\/2025\/03\/aaaDSC_7763_.jpg?resize=525%2C300&ssl=1 1.5x, https:\/\/i0.wp.com\/www.butbn.cas.cz\/sbirkavk\/wp-content\/uploads\/2025\/03\/aaaDSC_7763_.jpg?resize=700%2C400&ssl=1 2x, https:\/\/i0.wp.com\/www.butbn.cas.cz\/sbirkavk\/wp-content\/uploads\/2025\/03\/aaaDSC_7763_.jpg?resize=1050%2C600&ssl=1 3x, https:\/\/i0.wp.com\/www.butbn.cas.cz\/sbirkavk\/wp-content\/uploads\/2025\/03\/aaaDSC_7763_.jpg?resize=1400%2C800&ssl=1 4x"},"classes":[]},{"id":4651,"url":"https:\/\/www.butbn.cas.cz\/sbirkavk\/?p=4651","url_meta":{"origin":4211,"position":4},"title":"Pl\u00e1n akc\u00ed v Botanick\u00e9 zahrad\u011b T\u0159ebo\u0148 2026","author":"Jana Navr\u00e1tilov\u00e1","date":"3 b\u0159ezna, 2026","format":false,"excerpt":"V roce 2026 pro n\u00e1v\u0161t\u011bvn\u00edky pl\u00e1nujeme v Botanick\u00e9 zahrad\u011b T\u0159ebo\u0148 n\u00e1sleduj\u00edc\u00ed akce: 15. 5. a\u017e 30. 9. 2026 V\u00fdstava vodn\u00ed a maso\u017erav\u00e9 rostliny z cel\u00e9ho sv\u011bta V mal\u00e9m sklen\u00edku\u00a0bude od 15.5. p\u0159ipravena expozice vodn\u00edch a maso\u017erav\u00fdch rostlin. 22. 5. 2026 Den botanick\u00fdch zahrad Celosv\u011btov\u00fd den botanick\u00fdch zahrad oslav\u00edme v Botanick\u00e9\u2026","rel":"","context":"V \u201eNeza?azen?\u201c","block_context":{"text":"Neza?azen?","link":"https:\/\/www.butbn.cas.cz\/sbirkavk\/?cat=38"},"img":{"alt_text":"","src":"https:\/\/i0.wp.com\/www.butbn.cas.cz\/sbirkavk\/wp-content\/uploads\/2025\/06\/aDSC_3423_.jpg?resize=350%2C200&ssl=1","width":350,"height":200,"srcset":"https:\/\/i0.wp.com\/www.butbn.cas.cz\/sbirkavk\/wp-content\/uploads\/2025\/06\/aDSC_3423_.jpg?resize=350%2C200&ssl=1 1x, https:\/\/i0.wp.com\/www.butbn.cas.cz\/sbirkavk\/wp-content\/uploads\/2025\/06\/aDSC_3423_.jpg?resize=525%2C300&ssl=1 1.5x, https:\/\/i0.wp.com\/www.butbn.cas.cz\/sbirkavk\/wp-content\/uploads\/2025\/06\/aDSC_3423_.jpg?resize=700%2C400&ssl=1 2x, https:\/\/i0.wp.com\/www.butbn.cas.cz\/sbirkavk\/wp-content\/uploads\/2025\/06\/aDSC_3423_.jpg?resize=1050%2C600&ssl=1 3x, https:\/\/i0.wp.com\/www.butbn.cas.cz\/sbirkavk\/wp-content\/uploads\/2025\/06\/aDSC_3423_.jpg?resize=1400%2C800&ssl=1 4x"},"classes":[]},{"id":4557,"url":"https:\/\/www.butbn.cas.cz\/sbirkavk\/?p=4557","url_meta":{"origin":4211,"position":5},"title":"Pozdn\u00ed kv\u011bty v Botanick\u00e9 zahrad\u011b T\u0159ebo\u0148","author":"Jana Navr\u00e1tilov\u00e1","date":"19 srpna, 2025","format":false,"excerpt":"Leto\u0161n\u00ed de\u0161tiv\u00e9 l\u00e9to prodlou\u017eilo dobu kv\u011btu mnoha druh\u016f rostlin, a tak je i v druh\u00e9 polovin\u011b srpna v Botanick\u00e9 zahrad\u011b T\u0159ebo\u0148 st\u00e1le k vid\u011bn\u00ed pestr\u00e1 \u0161k\u00e1la kvetouc\u00edch druh\u016f, kter\u00e9 b\u011b\u017en\u011b rozkv\u00e9taj\u00ed sp\u00ed\u0161e v \u010dervenci. N\u00e1v\u0161t\u011bvn\u00edci mohou obdivovat nap\u0159\u00edklad\u00a0hvozd\u00edk py\u0161n\u00fd (Dianthus superbus),\u00a0pavinec horsk\u00fd (Jasione montana),\u00a0proskurn\u00edk l\u00e9ka\u0159sk\u00fd (Althaea officinalis),\u00a0popelivku sibi\u0159skou (Ligularia sibirica),\u00a0\u010desnek\u2026","rel":"","context":"V \u201eNeza?azen?\u201c","block_context":{"text":"Neza?azen?","link":"https:\/\/www.butbn.cas.cz\/sbirkavk\/?cat=38"},"img":{"alt_text":"","src":"https:\/\/i0.wp.com\/www.butbn.cas.cz\/sbirkavk\/wp-content\/uploads\/2025\/08\/aDSC_0576_250805_1073.jpg?resize=350%2C200&ssl=1","width":350,"height":200,"srcset":"https:\/\/i0.wp.com\/www.butbn.cas.cz\/sbirkavk\/wp-content\/uploads\/2025\/08\/aDSC_0576_250805_1073.jpg?resize=350%2C200&ssl=1 1x, https:\/\/i0.wp.com\/www.butbn.cas.cz\/sbirkavk\/wp-content\/uploads\/2025\/08\/aDSC_0576_250805_1073.jpg?resize=525%2C300&ssl=1 1.5x, https:\/\/i0.wp.com\/www.butbn.cas.cz\/sbirkavk\/wp-content\/uploads\/2025\/08\/aDSC_0576_250805_1073.jpg?resize=700%2C400&ssl=1 2x, https:\/\/i0.wp.com\/www.butbn.cas.cz\/sbirkavk\/wp-content\/uploads\/2025\/08\/aDSC_0576_250805_1073.jpg?resize=1050%2C600&ssl=1 3x, https:\/\/i0.wp.com\/www.butbn.cas.cz\/sbirkavk\/wp-content\/uploads\/2025\/08\/aDSC_0576_250805_1073.jpg?resize=1400%2C800&ssl=1 4x"},"classes":[]}],"_links":{"self":[{"href":"https:\/\/www.butbn.cas.cz\/sbirkavk\/index.php?rest_route=\/wp\/v2\/posts\/4211","targetHints":{"allow":["GET"]}}],"collection":[{"href":"https:\/\/www.butbn.cas.cz\/sbirkavk\/index.php?rest_route=\/wp\/v2\/posts"}],"about":[{"href":"https:\/\/www.butbn.cas.cz\/sbirkavk\/index.php?rest_route=\/wp\/v2\/types\/post"}],"author":[{"embeddable":true,"href":"https:\/\/www.butbn.cas.cz\/sbirkavk\/index.php?rest_route=\/wp\/v2\/users\/1"}],"replies":[{"embeddable":true,"href":"https:\/\/www.butbn.cas.cz\/sbirkavk\/index.php?rest_route=%2Fwp%2Fv2%2Fcomments&post=4211"}],"version-history":[{"count":1,"href":"https:\/\/www.butbn.cas.cz\/sbirkavk\/index.php?rest_route=\/wp\/v2\/posts\/4211\/revisions"}],"predecessor-version":[{"id":4214,"href":"https:\/\/www.butbn.cas.cz\/sbirkavk\/index.php?rest_route=\/wp\/v2\/posts\/4211\/revisions\/4214"}],"wp:featuredmedia":[{"embeddable":true,"href":"https:\/\/www.butbn.cas.cz\/sbirkavk\/index.php?rest_route=\/wp\/v2\/media\/4213"}],"wp:attachment":[{"href":"https:\/\/www.butbn.cas.cz\/sbirkavk\/index.php?rest_route=%2Fwp%2Fv2%2Fmedia&parent=4211"}],"wp:term":[{"taxonomy":"category","embeddable":true,"href":"https:\/\/www.butbn.cas.cz\/sbirkavk\/index.php?rest_route=%2Fwp%2Fv2%2Fcategories&post=4211"},{"taxonomy":"post_tag","embeddable":true,"href":"https:\/\/www.butbn.cas.cz\/sbirkavk\/index.php?rest_route=%2Fwp%2Fv2%2Ftags&post=4211"}],"curies":[{"name":"wp","href":"https:\/\/api.w.org\/{rel}","templated":true}]}}