{"id":4015,"date":"2024-04-16T21:22:38","date_gmt":"2024-04-16T19:22:38","guid":{"rendered":"https:\/\/www.butbn.cas.cz\/sbirkavk\/?p=4015"},"modified":"2024-04-18T20:55:24","modified_gmt":"2024-04-18T18:55:24","slug":"zahajeni-navstevnicke-sezony-2024","status":"publish","type":"post","link":"https:\/\/www.butbn.cas.cz\/sbirkavk\/?p=4015","title":{"rendered":"Zah\u00e1jen\u00ed n\u00e1v\u0161t\u011bvnick\u00e9 sez\u00f3ny 2024"},"content":{"rendered":"\n<p>Jaro 2024 uh\u00e1n\u00ed m\u00edlov\u00fdmi kroky a my s n\u00edm mus\u00edme dr\u017eet krok. Botanickou zahradu T\u0159ebo\u0148 proto pro ve\u0159ejnost otev\u0159eme netradi\u010dn\u011b u\u017e <strong>v\u202fpond\u011bl\u00ed 22. dubna<\/strong>. Tento rok jsme expozice obohatili o typick\u00e9 \u010dasn\u011b jarn\u00ed druhy jako jsou sn\u011b\u017eenky, bledule jarn\u00ed, lado\u0148ky a dev\u011btsily, kter\u00e9 rozkv\u00e9taj\u00ed s orsejemi, prvosenkami, sasankami a blatouchy. Pozd\u011bji na ja\u0159e ozdob\u00ed vodn\u00ed plochy v zahrad\u011b kv\u011bty \u017eebratky, v ra\u0161elini\u0161t\u00edch rozkvetou mok\u0159adn\u00ed orchideje \u2013 prstnatce, vachta, rojovn\u00edky a suchop\u00fdry. Kv\u011bten a \u010derven jsou nejlep\u0161\u00edm obdob\u00edm pro pozorov\u00e1n\u00ed kvetouc\u00edch ost\u0159ic, kter\u00fdch je ve sb\u00edrce n\u011bkolik des\u00edtek druh\u016f. L\u00e9to je pak obdob\u00edm, kdy hladiny vod zkr\u00e1\u0161l\u00ed kv\u011bty lekn\u00edn\u016f, stul\u00edk\u016f a rdest\u016f. V t\u00e9 dob\u011b u\u017e v expozici budou k vid\u011bn\u00ed subtropick\u00e9 a tropick\u00e9 mok\u0159adn\u00ed rostliny z r\u016fzn\u00fdch kout\u016f sv\u011bta z na\u0161ich sklen\u00edk\u016f \u2013 nap\u0159\u00edklad \u0161\u00e1chor pap\u00edrod\u00e1rn\u00fd, lotosy, r\u00fd\u017ee, akvarijn\u00ed a maso\u017erav\u00e9 rostliny.<\/p>\n\n\n<div class=\"wp-block-image\">\n<figure class=\"aligncenter size-large\"><img loading=\"lazy\" decoding=\"async\" width=\"1024\" height=\"684\" data-attachment-id=\"4024\" data-permalink=\"https:\/\/www.butbn.cas.cz\/sbirkavk\/?attachment_id=4024\" data-orig-file=\"https:\/\/www.butbn.cas.cz\/sbirkavk\/wp-content\/uploads\/2024\/04\/aDSC_1544_.jpg\" data-orig-size=\"1920,1282\" data-comments-opened=\"1\" data-image-meta=\"{&quot;aperture&quot;:&quot;13&quot;,&quot;credit&quot;:&quot;&quot;,&quot;camera&quot;:&quot;NIKON D750&quot;,&quot;caption&quot;:&quot;&quot;,&quot;created_timestamp&quot;:&quot;1712770017&quot;,&quot;copyright&quot;:&quot;&quot;,&quot;focal_length&quot;:&quot;105&quot;,&quot;iso&quot;:&quot;1600&quot;,&quot;shutter_speed&quot;:&quot;0.008&quot;,&quot;title&quot;:&quot;&quot;,&quot;orientation&quot;:&quot;1&quot;}\" data-image-title=\"aDSC_1544_\" data-image-description=\"\" data-image-caption=\"\" data-large-file=\"https:\/\/www.butbn.cas.cz\/sbirkavk\/wp-content\/uploads\/2024\/04\/aDSC_1544_-1024x684.jpg\" src=\"https:\/\/www.butbn.cas.cz\/sbirkavk\/wp-content\/uploads\/2024\/04\/aDSC_1544_-1024x684.jpg\" alt=\"\" class=\"wp-image-4024\" srcset=\"https:\/\/www.butbn.cas.cz\/sbirkavk\/wp-content\/uploads\/2024\/04\/aDSC_1544_-1024x684.jpg 1024w, https:\/\/www.butbn.cas.cz\/sbirkavk\/wp-content\/uploads\/2024\/04\/aDSC_1544_-300x200.jpg 300w, https:\/\/www.butbn.cas.cz\/sbirkavk\/wp-content\/uploads\/2024\/04\/aDSC_1544_-768x513.jpg 768w, https:\/\/www.butbn.cas.cz\/sbirkavk\/wp-content\/uploads\/2024\/04\/aDSC_1544_-1536x1026.jpg 1536w, https:\/\/www.butbn.cas.cz\/sbirkavk\/wp-content\/uploads\/2024\/04\/aDSC_1544_.jpg 1920w\" sizes=\"auto, (max-width: 1024px) 100vw, 1024px\" \/><figcaption class=\"wp-element-caption\">prvosenka Hallerova (<em>Primula halleri<\/em>)<\/figcaption><\/figure>\n<\/div>\n\n<div class=\"wp-block-image\">\n<figure class=\"aligncenter size-large\"><img loading=\"lazy\" decoding=\"async\" width=\"1024\" height=\"684\" data-attachment-id=\"4025\" data-permalink=\"https:\/\/www.butbn.cas.cz\/sbirkavk\/?attachment_id=4025\" data-orig-file=\"https:\/\/www.butbn.cas.cz\/sbirkavk\/wp-content\/uploads\/2024\/04\/aDSC_7167_.jpg\" data-orig-size=\"1920,1282\" data-comments-opened=\"1\" data-image-meta=\"{&quot;aperture&quot;:&quot;13&quot;,&quot;credit&quot;:&quot;&quot;,&quot;camera&quot;:&quot;NIKON D750&quot;,&quot;caption&quot;:&quot;&quot;,&quot;created_timestamp&quot;:&quot;1711199598&quot;,&quot;copyright&quot;:&quot;&quot;,&quot;focal_length&quot;:&quot;105&quot;,&quot;iso&quot;:&quot;800&quot;,&quot;shutter_speed&quot;:&quot;0.0025&quot;,&quot;title&quot;:&quot;&quot;,&quot;orientation&quot;:&quot;1&quot;}\" data-image-title=\"aDSC_7167_\" data-image-description=\"\" data-image-caption=\"\" data-large-file=\"https:\/\/www.butbn.cas.cz\/sbirkavk\/wp-content\/uploads\/2024\/04\/aDSC_7167_-1024x684.jpg\" src=\"https:\/\/www.butbn.cas.cz\/sbirkavk\/wp-content\/uploads\/2024\/04\/aDSC_7167_-1024x684.jpg\" alt=\"\" class=\"wp-image-4025\" srcset=\"https:\/\/www.butbn.cas.cz\/sbirkavk\/wp-content\/uploads\/2024\/04\/aDSC_7167_-1024x684.jpg 1024w, https:\/\/www.butbn.cas.cz\/sbirkavk\/wp-content\/uploads\/2024\/04\/aDSC_7167_-300x200.jpg 300w, https:\/\/www.butbn.cas.cz\/sbirkavk\/wp-content\/uploads\/2024\/04\/aDSC_7167_-768x513.jpg 768w, https:\/\/www.butbn.cas.cz\/sbirkavk\/wp-content\/uploads\/2024\/04\/aDSC_7167_-1536x1026.jpg 1536w, https:\/\/www.butbn.cas.cz\/sbirkavk\/wp-content\/uploads\/2024\/04\/aDSC_7167_.jpg 1920w\" sizes=\"auto, (max-width: 1024px) 100vw, 1024px\" \/><figcaption class=\"wp-element-caption\">sasanka prysky\u0159n\u00edkovit\u00e1 (<em>Anemone ranunculoides<\/em>)<\/figcaption><\/figure>\n<\/div>\n\n<div class=\"wp-block-image\">\n<figure class=\"aligncenter size-large\"><img loading=\"lazy\" decoding=\"async\" width=\"1024\" height=\"684\" data-attachment-id=\"4026\" data-permalink=\"https:\/\/www.butbn.cas.cz\/sbirkavk\/?attachment_id=4026\" data-orig-file=\"https:\/\/www.butbn.cas.cz\/sbirkavk\/wp-content\/uploads\/2024\/04\/aDSC_7185_.jpg\" data-orig-size=\"1920,1282\" data-comments-opened=\"1\" data-image-meta=\"{&quot;aperture&quot;:&quot;18&quot;,&quot;credit&quot;:&quot;&quot;,&quot;camera&quot;:&quot;NIKON D750&quot;,&quot;caption&quot;:&quot;&quot;,&quot;created_timestamp&quot;:&quot;1711199707&quot;,&quot;copyright&quot;:&quot;&quot;,&quot;focal_length&quot;:&quot;105&quot;,&quot;iso&quot;:&quot;800&quot;,&quot;shutter_speed&quot;:&quot;0.005&quot;,&quot;title&quot;:&quot;&quot;,&quot;orientation&quot;:&quot;1&quot;}\" data-image-title=\"aDSC_7185_\" data-image-description=\"\" data-image-caption=\"\" data-large-file=\"https:\/\/www.butbn.cas.cz\/sbirkavk\/wp-content\/uploads\/2024\/04\/aDSC_7185_-1024x684.jpg\" src=\"https:\/\/www.butbn.cas.cz\/sbirkavk\/wp-content\/uploads\/2024\/04\/aDSC_7185_-1024x684.jpg\" alt=\"\" class=\"wp-image-4026\" srcset=\"https:\/\/www.butbn.cas.cz\/sbirkavk\/wp-content\/uploads\/2024\/04\/aDSC_7185_-1024x684.jpg 1024w, https:\/\/www.butbn.cas.cz\/sbirkavk\/wp-content\/uploads\/2024\/04\/aDSC_7185_-300x200.jpg 300w, https:\/\/www.butbn.cas.cz\/sbirkavk\/wp-content\/uploads\/2024\/04\/aDSC_7185_-768x513.jpg 768w, https:\/\/www.butbn.cas.cz\/sbirkavk\/wp-content\/uploads\/2024\/04\/aDSC_7185_-1536x1026.jpg 1536w, https:\/\/www.butbn.cas.cz\/sbirkavk\/wp-content\/uploads\/2024\/04\/aDSC_7185_.jpg 1920w\" sizes=\"auto, (max-width: 1024px) 100vw, 1024px\" \/><figcaption class=\"wp-element-caption\">jatern\u00edk podl\u00e9\u0161ka (<em>Hepatica nobilis<\/em>)<\/figcaption><\/figure>\n<\/div>\n\n\n<p>T\u011b\u0161\u00edme se na Va\u0161i n\u00e1v\u0161t\u011bvu!&nbsp;<\/p>\n\n\n\n<p>Kontakt: Jana Navr\u00e1tilov\u00e1; e-mail: jana.navratilova@ibot.cas.cz; telefon: 384721156<\/p>\n","protected":false},"excerpt":{"rendered":"<p>Jaro 2024 uh\u00e1n\u00ed m\u00edlov\u00fdmi kroky a my s n\u00edm mus\u00edme dr\u017eet krok. Botanickou zahradu T\u0159ebo\u0148 proto pro ve\u0159ejnost otev\u0159eme netradi\u010dn\u011b&hellip; <\/p>\n","protected":false},"author":1,"featured_media":4030,"comment_status":"closed","ping_status":"closed","sticky":false,"template":"","format":"standard","meta":{"jetpack_post_was_ever_published":false,"_jetpack_newsletter_access":"","_jetpack_dont_email_post_to_subs":false,"_jetpack_newsletter_tier_id":0,"_jetpack_memberships_contains_paywalled_content":false,"_jetpack_memberships_contains_paid_content":false,"footnotes":"","jetpack_publicize_message":"","jetpack_publicize_feature_enabled":true,"jetpack_social_post_already_shared":true,"jetpack_social_options":{"image_generator_settings":{"template":"highway","default_image_id":0,"font":"","enabled":false},"version":2}},"categories":[38],"tags":[],"class_list":["post-4015","post","type-post","status-publish","format-standard","has-post-thumbnail","hentry","category-nezarazene-cs"],"jetpack_publicize_connections":[],"jetpack_featured_media_url":"https:\/\/www.butbn.cas.cz\/sbirkavk\/wp-content\/uploads\/2024\/04\/zahajeni_sezony_24.jpg","jetpack_sharing_enabled":true,"jetpack_shortlink":"https:\/\/wp.me\/p8pa9i-12L","jetpack-related-posts":[{"id":3663,"url":"https:\/\/www.butbn.cas.cz\/sbirkavk\/?p=3663","url_meta":{"origin":4015,"position":0},"title":"Zah\u00e1jen\u00ed n\u00e1v\u0161t\u011bvnick\u00e9 sez\u00f3ny 2023","author":"Jana Navr\u00e1tilov\u00e1","date":"16 dubna, 2023","format":false,"excerpt":"Botanick\u00e1 zahrada T\u0159ebo\u0148 se pro ve\u0159ejnost letos otev\u0159e v\u202fpond\u011bl\u00ed 1. kv\u011btna. Podle po\u010das\u00ed budou z\u202fpo\u010d\u00e1tku k\u202fvid\u011bn\u00ed p\u0159ev\u00e1\u017en\u011b drobn\u00e9 mok\u0159adn\u00ed druhy na\u0161\u00ed p\u0159\u00edrody. Nejd\u0159\u00edve rozkv\u00e9taj\u00ed orseje, blatouchy, prvosenky, sasanky, vachty nebo tak\u00e9 mok\u0159adn\u00ed orchideje \u2013 prstnatce. \u010cerven je nejlep\u0161\u00ed obdob\u00ed pro z\u00e1jemce o po\u010detn\u00e9 mok\u0159adn\u00ed traviny, zejm\u00e9na ost\u0159ice. V\u011bt\u0161ina z\u202fnich vykv\u00e9t\u00e1,\u2026","rel":"","context":"V \u201eNeza?azen?\u201c","block_context":{"text":"Neza?azen?","link":"https:\/\/www.butbn.cas.cz\/sbirkavk\/?cat=38"},"img":{"alt_text":"","src":"https:\/\/i0.wp.com\/www.butbn.cas.cz\/sbirkavk\/wp-content\/uploads\/2023\/04\/zahajeni_sezony_2023.jpg?resize=350%2C200&ssl=1","width":350,"height":200,"srcset":"https:\/\/i0.wp.com\/www.butbn.cas.cz\/sbirkavk\/wp-content\/uploads\/2023\/04\/zahajeni_sezony_2023.jpg?resize=350%2C200&ssl=1 1x, https:\/\/i0.wp.com\/www.butbn.cas.cz\/sbirkavk\/wp-content\/uploads\/2023\/04\/zahajeni_sezony_2023.jpg?resize=525%2C300&ssl=1 1.5x, https:\/\/i0.wp.com\/www.butbn.cas.cz\/sbirkavk\/wp-content\/uploads\/2023\/04\/zahajeni_sezony_2023.jpg?resize=700%2C400&ssl=1 2x, https:\/\/i0.wp.com\/www.butbn.cas.cz\/sbirkavk\/wp-content\/uploads\/2023\/04\/zahajeni_sezony_2023.jpg?resize=1050%2C600&ssl=1 3x, https:\/\/i0.wp.com\/www.butbn.cas.cz\/sbirkavk\/wp-content\/uploads\/2023\/04\/zahajeni_sezony_2023.jpg?resize=1400%2C800&ssl=1 4x"},"classes":[]},{"id":4263,"url":"https:\/\/www.butbn.cas.cz\/sbirkavk\/?p=4263","url_meta":{"origin":4015,"position":1},"title":"Zah\u00e1jen\u00ed n\u00e1v\u0161t\u011bvnick\u00e9 sez\u00f3ny 2025","author":"Jana Navr\u00e1tilov\u00e1","date":"16 b\u0159ezna, 2025","format":false,"excerpt":"Od roku 2025 roz\u0161i\u0159ujeme n\u00e1v\u0161t\u011bvnickou sez\u00f3nu!!!!! Zahrada je pro n\u00e1v\u0161t\u011bvn\u00edky p\u0159ipravena ji\u017e od 1.4. P\u0159ij\u010fte se pod\u00edvat na \u010dasn\u011b jarn\u00ed kv\u011btiny, kter\u00e9 pr\u00e1v\u011b rozkv\u00e9taj\u00ed. M\u016f\u017eete se t\u011b\u0161it na sn\u011b\u017eenky, bledule, vz\u00e1cnou lado\u0148ku dvoulistou (Scilla bifolia subsp. rara), mokr\u00fd\u0161 (Chrysosplenium) a dev\u011btsil (Petasites). I kdy\u017e je rozkvetl\u00fdch kv\u011btin zat\u00edm m\u00e1lo, jejich\u2026","rel":"","context":"V \u201eNeza?azen?\u201c","block_context":{"text":"Neza?azen?","link":"https:\/\/www.butbn.cas.cz\/sbirkavk\/?cat=38"},"img":{"alt_text":"","src":"https:\/\/i0.wp.com\/www.butbn.cas.cz\/sbirkavk\/wp-content\/uploads\/2025\/03\/ZS_2025.jpg?resize=350%2C200&ssl=1","width":350,"height":200,"srcset":"https:\/\/i0.wp.com\/www.butbn.cas.cz\/sbirkavk\/wp-content\/uploads\/2025\/03\/ZS_2025.jpg?resize=350%2C200&ssl=1 1x, https:\/\/i0.wp.com\/www.butbn.cas.cz\/sbirkavk\/wp-content\/uploads\/2025\/03\/ZS_2025.jpg?resize=525%2C300&ssl=1 1.5x, https:\/\/i0.wp.com\/www.butbn.cas.cz\/sbirkavk\/wp-content\/uploads\/2025\/03\/ZS_2025.jpg?resize=700%2C400&ssl=1 2x, https:\/\/i0.wp.com\/www.butbn.cas.cz\/sbirkavk\/wp-content\/uploads\/2025\/03\/ZS_2025.jpg?resize=1050%2C600&ssl=1 3x, https:\/\/i0.wp.com\/www.butbn.cas.cz\/sbirkavk\/wp-content\/uploads\/2025\/03\/ZS_2025.jpg?resize=1400%2C800&ssl=1 4x"},"classes":[]},{"id":4656,"url":"https:\/\/www.butbn.cas.cz\/sbirkavk\/?p=4656","url_meta":{"origin":4015,"position":2},"title":"Koniklec jarn\u00ed v Botanick\u00e9 zahrad\u011b T\u0159ebo\u0148","author":"Jana Navr\u00e1tilov\u00e1","date":"23 b\u0159ezna, 2026","format":false,"excerpt":"V botanick\u00e9 zahrad\u011b v T\u0159eboni je pr\u00e1v\u011b te\u010f mo\u017en\u00e9 spat\u0159it jeden z nejvz\u00e1cn\u011bj\u0161\u00edch druh\u016f \u010desk\u00e9 kv\u011bteny \u2013 koniklec jarn\u00ed (Pulsatilla vernalis), kriticky ohro\u017een\u00fd taxon, kter\u00fd v na\u0161\u00ed republice u\u017e p\u0159e\u017e\u00edv\u00e1 jen na dvou lokalit\u00e1ch. Rostliny, kter\u00e9 p\u011bstujeme, n\u00e1le\u017e\u00ed k var. vernalis, tedy k form\u011b p\u0159irozen\u011b se vyskytuj\u00edc\u00ed na T\u0159ebo\u0148sku. Na\u0161\u00ed\u2026","rel":"","context":"V \u201eNeza?azen?\u201c","block_context":{"text":"Neza?azen?","link":"https:\/\/www.butbn.cas.cz\/sbirkavk\/?cat=38"},"img":{"alt_text":"","src":"https:\/\/i0.wp.com\/www.butbn.cas.cz\/sbirkavk\/wp-content\/uploads\/2026\/03\/aDSC_8199_260317_3704.jpg?resize=350%2C200&ssl=1","width":350,"height":200,"srcset":"https:\/\/i0.wp.com\/www.butbn.cas.cz\/sbirkavk\/wp-content\/uploads\/2026\/03\/aDSC_8199_260317_3704.jpg?resize=350%2C200&ssl=1 1x, https:\/\/i0.wp.com\/www.butbn.cas.cz\/sbirkavk\/wp-content\/uploads\/2026\/03\/aDSC_8199_260317_3704.jpg?resize=525%2C300&ssl=1 1.5x, https:\/\/i0.wp.com\/www.butbn.cas.cz\/sbirkavk\/wp-content\/uploads\/2026\/03\/aDSC_8199_260317_3704.jpg?resize=700%2C400&ssl=1 2x, https:\/\/i0.wp.com\/www.butbn.cas.cz\/sbirkavk\/wp-content\/uploads\/2026\/03\/aDSC_8199_260317_3704.jpg?resize=1050%2C600&ssl=1 3x, https:\/\/i0.wp.com\/www.butbn.cas.cz\/sbirkavk\/wp-content\/uploads\/2026\/03\/aDSC_8199_260317_3704.jpg?resize=1400%2C800&ssl=1 4x"},"classes":[]},{"id":4672,"url":"https:\/\/www.butbn.cas.cz\/sbirkavk\/?p=4672","url_meta":{"origin":4015,"position":3},"title":"Zah\u00e1jen\u00ed n\u00e1v\u0161t\u011bvnick\u00e9 sez\u00f3ny 2026","author":"Jana Navr\u00e1tilov\u00e1","date":"31 b\u0159ezna, 2026","format":false,"excerpt":"Otev\u00edr\u00e1me 1. dubna! Botanick\u00e1 zahrada T\u0159ebo\u0148 se po zimn\u00ed pauze op\u011bt otev\u00edr\u00e1 n\u00e1v\u0161t\u011bvn\u00edk\u016fm od 1. dubna. P\u0159esto\u017ee v\u011bt\u0161ina vodn\u00edch rostlin je\u0161t\u011b sp\u00ed, v zahrad\u011b u\u017e to za\u010d\u00edn\u00e1 o\u017e\u00edvat prvn\u00ed jarn\u00ed vegetac\u00ed. Tepl\u00e9 po\u010das\u00ed v prvn\u00ed polovin\u011b b\u0159ezna urychlilo ra\u0161en\u00ed \u0159ady druh\u016f, zejm\u00e9na cibulovin poch\u00e1zej\u00edc\u00edch z lu\u017en\u00edch les\u016f. V pln\u00e9m kv\u011btu\u2026","rel":"","context":"V \u201eNeza?azen?\u201c","block_context":{"text":"Neza?azen?","link":"https:\/\/www.butbn.cas.cz\/sbirkavk\/?cat=38"},"img":{"alt_text":"","src":"https:\/\/i0.wp.com\/www.butbn.cas.cz\/sbirkavk\/wp-content\/uploads\/2026\/03\/zahajeni-sezony_26_web_final.jpg?resize=350%2C200&ssl=1","width":350,"height":200,"srcset":"https:\/\/i0.wp.com\/www.butbn.cas.cz\/sbirkavk\/wp-content\/uploads\/2026\/03\/zahajeni-sezony_26_web_final.jpg?resize=350%2C200&ssl=1 1x, https:\/\/i0.wp.com\/www.butbn.cas.cz\/sbirkavk\/wp-content\/uploads\/2026\/03\/zahajeni-sezony_26_web_final.jpg?resize=525%2C300&ssl=1 1.5x, https:\/\/i0.wp.com\/www.butbn.cas.cz\/sbirkavk\/wp-content\/uploads\/2026\/03\/zahajeni-sezony_26_web_final.jpg?resize=700%2C400&ssl=1 2x, https:\/\/i0.wp.com\/www.butbn.cas.cz\/sbirkavk\/wp-content\/uploads\/2026\/03\/zahajeni-sezony_26_web_final.jpg?resize=1050%2C600&ssl=1 3x, https:\/\/i0.wp.com\/www.butbn.cas.cz\/sbirkavk\/wp-content\/uploads\/2026\/03\/zahajeni-sezony_26_web_final.jpg?resize=1400%2C800&ssl=1 4x"},"classes":[]},{"id":681,"url":"https:\/\/www.butbn.cas.cz\/sbirkavk\/?p=681","url_meta":{"origin":4015,"position":4},"title":"Botanick\u00e1 zahrada","author":"Jana Navr\u00e1tilov\u00e1","date":"24 \u010dervence, 2017","format":false,"excerpt":"Aktualizov\u00e1no 17. 3. 2025 \u010c\u00e1st Sb\u00edrky je p\u0159\u00edstupn\u00e1 ve\u0159ejnosti a jako botanick\u00e1 zahrada slou\u017e\u00ed k pou\u010den\u00ed, odpo\u010dinku a pot\u011b\u0161en\u00ed smysl\u016f p\u0159irozenou kr\u00e1sou rostlin. Expozice na\u0161\u00ed botanick\u00e9 zahrady zahrnuje v\u00edce ne\u017e 1000 populac\u00ed druh\u016f vodn\u00edch a mok\u0159adn\u00edch rostlin (seznam s fotografiemi). V\u011bt\u0161ina z nich poch\u00e1z\u00ed ze st\u0159edn\u00ed Evropy. Ve Sb\u00edrce pe\u010dujeme\u2026","rel":"","context":"V \u201eNeza?azen?\u201c","block_context":{"text":"Neza?azen?","link":"https:\/\/www.butbn.cas.cz\/sbirkavk\/?cat=38"},"img":{"alt_text":"","src":"https:\/\/i0.wp.com\/www.butbn.cas.cz\/sbirkavk\/wp-content\/uploads\/2017\/07\/garden.jpg?resize=350%2C200&ssl=1","width":350,"height":200,"srcset":"https:\/\/i0.wp.com\/www.butbn.cas.cz\/sbirkavk\/wp-content\/uploads\/2017\/07\/garden.jpg?resize=350%2C200&ssl=1 1x, https:\/\/i0.wp.com\/www.butbn.cas.cz\/sbirkavk\/wp-content\/uploads\/2017\/07\/garden.jpg?resize=525%2C300&ssl=1 1.5x, https:\/\/i0.wp.com\/www.butbn.cas.cz\/sbirkavk\/wp-content\/uploads\/2017\/07\/garden.jpg?resize=700%2C400&ssl=1 2x, https:\/\/i0.wp.com\/www.butbn.cas.cz\/sbirkavk\/wp-content\/uploads\/2017\/07\/garden.jpg?resize=1050%2C600&ssl=1 3x, https:\/\/i0.wp.com\/www.butbn.cas.cz\/sbirkavk\/wp-content\/uploads\/2017\/07\/garden.jpg?resize=1400%2C800&ssl=1 4x"},"classes":[]},{"id":725,"url":"https:\/\/www.butbn.cas.cz\/sbirkavk\/?p=725","url_meta":{"origin":4015,"position":5},"title":"Publikace","author":"Jana Navr\u00e1tilov\u00e1","date":"25 \u010dervence, 2017","format":false,"excerpt":"P\u0159ehled v\u011bdeck\u00fdch publikac\u00ed vedouc\u00ed Sb\u00edrky naleznete zde. Tiskov\u00e9 a elektronick\u00e9 v\u00fdstupy Sb\u00edrky Navr\u00e1tilov\u00e1, J., \u0160umberov\u00e1 K., Ku\u010derov\u00e1 A. & Kv\u011bt J. (eds.) (2025): Atlas vodn\u00edch a mok\u0159adn\u00edch rostlin \u010cesk\u00e9 republiky, Academia, Praha. Navr\u00e1tiov\u00e1 J. (2025). Botanick\u00e1 zahrada T\u0159ebo\u0148, Botanick\u00fd \u00fastav Akademie v\u011bd \u010cR, v. v. i. In: Chytr\u00e1 M., Proch\u00e1zkov\u00e1\u2026","rel":"","context":"V \u201eNeza?azen?\u201c","block_context":{"text":"Neza?azen?","link":"https:\/\/www.butbn.cas.cz\/sbirkavk\/?cat=38"},"img":{"alt_text":"","src":"https:\/\/i0.wp.com\/www.butbn.cas.cz\/sbirkavk\/wp-content\/uploads\/2017\/07\/publication.jpg?resize=350%2C200&ssl=1","width":350,"height":200,"srcset":"https:\/\/i0.wp.com\/www.butbn.cas.cz\/sbirkavk\/wp-content\/uploads\/2017\/07\/publication.jpg?resize=350%2C200&ssl=1 1x, https:\/\/i0.wp.com\/www.butbn.cas.cz\/sbirkavk\/wp-content\/uploads\/2017\/07\/publication.jpg?resize=525%2C300&ssl=1 1.5x, https:\/\/i0.wp.com\/www.butbn.cas.cz\/sbirkavk\/wp-content\/uploads\/2017\/07\/publication.jpg?resize=700%2C400&ssl=1 2x"},"classes":[]}],"_links":{"self":[{"href":"https:\/\/www.butbn.cas.cz\/sbirkavk\/index.php?rest_route=\/wp\/v2\/posts\/4015","targetHints":{"allow":["GET"]}}],"collection":[{"href":"https:\/\/www.butbn.cas.cz\/sbirkavk\/index.php?rest_route=\/wp\/v2\/posts"}],"about":[{"href":"https:\/\/www.butbn.cas.cz\/sbirkavk\/index.php?rest_route=\/wp\/v2\/types\/post"}],"author":[{"embeddable":true,"href":"https:\/\/www.butbn.cas.cz\/sbirkavk\/index.php?rest_route=\/wp\/v2\/users\/1"}],"replies":[{"embeddable":true,"href":"https:\/\/www.butbn.cas.cz\/sbirkavk\/index.php?rest_route=%2Fwp%2Fv2%2Fcomments&post=4015"}],"version-history":[{"count":7,"href":"https:\/\/www.butbn.cas.cz\/sbirkavk\/index.php?rest_route=\/wp\/v2\/posts\/4015\/revisions"}],"predecessor-version":[{"id":4043,"href":"https:\/\/www.butbn.cas.cz\/sbirkavk\/index.php?rest_route=\/wp\/v2\/posts\/4015\/revisions\/4043"}],"wp:featuredmedia":[{"embeddable":true,"href":"https:\/\/www.butbn.cas.cz\/sbirkavk\/index.php?rest_route=\/wp\/v2\/media\/4030"}],"wp:attachment":[{"href":"https:\/\/www.butbn.cas.cz\/sbirkavk\/index.php?rest_route=%2Fwp%2Fv2%2Fmedia&parent=4015"}],"wp:term":[{"taxonomy":"category","embeddable":true,"href":"https:\/\/www.butbn.cas.cz\/sbirkavk\/index.php?rest_route=%2Fwp%2Fv2%2Fcategories&post=4015"},{"taxonomy":"post_tag","embeddable":true,"href":"https:\/\/www.butbn.cas.cz\/sbirkavk\/index.php?rest_route=%2Fwp%2Fv2%2Ftags&post=4015"}],"curies":[{"name":"wp","href":"https:\/\/api.w.org\/{rel}","templated":true}]}}