{"id":2695,"date":"2020-08-03T10:46:47","date_gmt":"2020-08-03T08:46:47","guid":{"rendered":"http:\/\/www.butbn.cas.cz\/sbirkavk\/?p=2695"},"modified":"2020-08-04T22:31:28","modified_gmt":"2020-08-04T20:31:28","slug":"vyuziti-biologickych-sbirek-a-modernich-metod-pro-studium-zmen-v-krajine-a-pro-zachranu-organismu-ex-situ","status":"publish","type":"post","link":"https:\/\/www.butbn.cas.cz\/sbirkavk\/?p=2695","title":{"rendered":"Strategie AV21: Vyu\u017eit\u00ed biologick\u00fdch sb\u00edrek a modern\u00edch metod pro studium zm\u011bn v krajin\u011b a pro z\u00e1chranu organism\u016f ex situ"},"content":{"rendered":"\n<p>Na\u0161e odd\u011blen\u00ed se v letech 2020-2024 spolupod\u00edl\u00ed na \u0159e\u0161en\u00ed programu Strategie AV21 &#8211; <a rel=\"noreferrer noopener\" href=\"http:\/\/www.avcr.cz\/cs\/strategie\/vyzkumne-programy\/prehled-programu\/21-zachrana-a-obnova-krajiny\/\" target=\"_blank\">Z\u00e1chrana a obnova krajiny<\/a>. <\/p>\n\n\n\n<p>Garantkou t\u00e9matu zam\u011b\u0159en\u00e9ho na problematiku Vyu\u017eit\u00ed biologick\u00fdch sb\u00edrek a modern\u00edch metod pro studium zm\u011bn v krajin\u011b a pro z\u00e1chranu organism\u016f ex situ je <a rel=\"noreferrer noopener\" href=\"https:\/\/www.ivb.cz\/osoba\/barbora-roleckova\/\" target=\"_blank\">Mgr. Barbora Role\u010dkov\u00e1, Ph.D.<\/a> z \u00dastavu biologie obratlovc\u016f AV \u010cR, v.v.i. ve spolupr\u00e1ci s na\u0161\u00edm Botanick\u00fdm \u00fastavem AV \u010cR, v.v.i., Biologick\u00fdm centrem AV \u010cR, v.v.i. a Mikrobiologick\u00fdm \u00fastavem AV \u010cR, v.v.i.<\/p>\n\n\n\n<p>C\u00edlem je uchov\u00e1vat, rozv\u00edjet a poskytovat genetick\u00e9 zdroje diverzity krajiny \u010cR a dal\u0161\u00edch oblast\u00ed sv\u011bta pro pot\u0159eby v\u00fdzkumu, vzd\u011bl\u00e1v\u00e1n\u00ed a ochrany a obnovy krajiny; a tak\u00e9 informovat odbornou i laickou ve\u0159ejnost o v\u00fdznamu biologick\u00fdch sb\u00edrek.<\/p>\n\n\n\n<h3 class=\"wp-block-heading\">Spr\u00e1va a roz\u0161i\u0159ov\u00e1n\u00ed sb\u00edrek<\/h3>\n\n\n\n<p>V roce 2020 na\u0161e sb\u00edrka p\u0159ipravila \u017e\u00e1dost na odb\u011br pro ex-situ uchov\u00e1n\u00ed dosud nelokalizovan\u00fdch ohro\u017een\u00fdch druh\u016f vy\u0161\u0161\u00edch rostlin z jihomoravsk\u00fdch lokalit spadaj\u00edc\u00edch do gesce Krajsk\u00e9ho \u00fa\u0159adu Jihomoravsk\u00e9ho kraje. Na\u0161e \u017e\u00e1dost byla schv\u00e1lena a podle n\u00ed v n\u00e1sleduj\u00edc\u00edch letech budou druhy odebr\u00e1ny a p\u011bstov\u00e1ny v na\u0161\u00ed sb\u00edrce:<\/p>\n\n\n\n<ul class=\"wp-block-list\"><li><em>Achillea asplenifolia<\/em><\/li><li><em>Allium angulosum<\/em><\/li><li><em>Batrachium baudotii<\/em><\/li><li><em>Blysmus compressus<\/em><\/li><li><em>Bromus racemosus<\/em><\/li><li><em>Carex hordeistichos<\/em><\/li><li><em>Carex hostiana<\/em><\/li><li><em>Cirsium brachycephalum<\/em><\/li><li><em>Clematis integrifolia<\/em><\/li><li><em>Cnidium dubium<\/em><\/li><li><em>Euphorbia illirica<\/em><\/li><li><em>Euphorbia lucida<\/em><\/li><li><em>Euphorbia palustris<\/em><\/li><li><em>Juncus sphaerocarpus<\/em><\/li><li><em>Leucojum aestivum<\/em><\/li><li><em>Lotus maritimus<\/em><\/li><li><em>Mentha pulegium<\/em><\/li><li><em>Nasturtium officinale<\/em><\/li><li><em>Polygala amarella<\/em><\/li><li><em>Scilla bifolia<\/em><\/li><li><em>Scilla vindobonensis<\/em><\/li><li><em>Scutellaria hastifolia<\/em><\/li><li><em>Senecio doria<\/em><\/li><li><em>Senecio sarracenicus<\/em><\/li><li><em>Taraxacum sect. Palustria<\/em> (vybran\u00e9 druhy)<\/li><li><em>Thalictrum flavum<\/em><\/li><li><em>Trollius altissimus<\/em><\/li><li><em>Veronica scardica<\/em><\/li><li><em>Viola elatior<\/em><\/li><li><em>Viola pumila<\/em><\/li><\/ul>\n\n\n\n<p>B\u011bhem roku 2020 byla d\u00e1le provedena inventarizace ve sb\u00edrce chyb\u011bj\u00edc\u00edch ohro\u017een\u00fdch vodn\u00edch a mok\u0159adn\u00edch druh\u016f s evidovan\u00fdm p\u016fvodem z oblasti Ji\u017en\u00ed Moravy a T\u0159ebo\u0148ska pro \u017e\u00e1dosti spadaj\u00edc\u00ed pod p\u0159\u00edslu\u0161n\u00e1 pracovi\u0161t\u011b AOPK \u010cR.<\/p>\n\n\n\n<p>V pr\u016fb\u011bhu roku 2020 byly k v\u00fdzkumu poskytnuty vybran\u00e9 taxony.<\/p>\n\n\n\n<h3 class=\"wp-block-heading\">IPEN<\/h3>\n\n\n\n<p>V pr\u016fb\u011bhu \u0159e\u0161en\u00ed projektu jsou pln\u011bny podm\u00ednky plynouc\u00ed ze \u010dlenstv\u00ed v presti\u017en\u00ed spole\u010dnosti botanick\u00fdch zahrad, kterou je <a rel=\"noreferrer noopener\" href=\"https:\/\/www.bgci.org\/\" target=\"_blank\">BGCI<\/a> a pln\u011bn\u00ed podm\u00ednek <a rel=\"noreferrer noopener\" href=\"https:\/\/www.bgci.org\/our-work\/policy-and-advocacy\/access-and-benefit-sharing\/the-international-plant-exchange-network\/\" target=\"_blank\">IPEN<\/a>. Na\u0161e zahrada je registrov\u00e1na jako <a href=\"https:\/\/tools.bgci.org\/garden.php?id=5395&amp;ftrCountry=CZ&amp;ftrKeyword=&amp;ftrBGCImem=Y&amp;ftrIAReg=\" target=\"_blank\" rel=\"noreferrer noopener\">HBT<\/a>.<\/p>\n\n\n\n<h3 class=\"wp-block-heading\">Zaji\u0161t\u011bn\u00ed dostate\u010dn\u011b stabiln\u00edch populac\u00ed vybran\u00fdch druh\u016f<\/h3>\n\n\n\n<p>Na\u0161e sb\u00edrka v pr\u016fb\u011bhu cel\u00e9ho \u0159e\u0161en\u00ed udr\u017euje v dostate\u010dn\u00e9m mno\u017estv\u00ed rostliny v\u011bt\u0161\u00edho po\u010dtu n\u00e1ro\u010dn\u00fdch jednolet\u00fdch ohro\u017een\u00fdch druh\u016f poch\u00e1zej\u00edc\u00edch z oblast\u00ed T\u0159ebo\u0148ska a Ji\u017en\u00ed Moravy. <\/p>\n\n\n\n<p>. . . ale i o druhy dal\u0161\u00ed, kter\u00e9 pat\u0159\u00ed ke kriticky ohro\u017een\u00fdm, jako nap\u0159.:<\/p>\n\n\n\n<ul class=\"wp-block-list\"><li><em>Glaux maritima<\/em><\/li><li><em>Plantago maritima<\/em><\/li><li><em>Scorzonera parviflora<\/em><\/li><li><em>Taraxacum bessarabicum<\/em><\/li><\/ul>\n\n\n\n<h3 class=\"wp-block-heading\">Koordinace aktivit zam\u011b\u0159en\u00fdch na v\u00fdb\u011br a zachov\u00e1n\u00ed ohro\u017een\u00fdch druh\u016f rostlin na celorepublikov\u00e9 \u00farovni<\/h3>\n\n\n\n<p>Vedouc\u00ed odd\u011blen\u00ed se aktivn\u011b pod\u00edl\u00ed na pr\u00e1ci pracovn\u00ed skupiny pro genofondy p\u0159i Unii botanick\u00fdch zahrad \u010cR. Na\u0161e pracovi\u0161t\u011b p\u0159ipravilo jej\u00ed <a href=\"https:\/\/www.butbn.cas.cz\/sbirkavk\/?p=2665\">8. jedn\u00e1n\u00ed, kter\u00e9 prob\u011bhlo 16. 6. 2020.<\/a> <\/p>\n\n\n\n<p>V n\u00e1vaznosti na projekt <a href=\"https:\/\/www.butbn.cas.cz\/sbirkavk\/?p=1945\">TA\u010cR<\/a> je v pr\u016fb\u011bhu cel\u00e9ho \u0159e\u0161en\u00ed programu p\u0159ipravov\u00e1na <a href=\"https:\/\/www.butbn.cas.cz\/sbirkavk\/?p=2470\">datab\u00e1ze p\u011bstov\u00e1n\u00ed ohro\u017een\u00fdch druh\u016f vodn\u00edch a mok\u0159adn\u00edch rostlin \u010cesk\u00e9 republiky<\/a>.<\/p>\n\n\n\n<h3 class=\"wp-block-heading\">P\u0159\u00edprava a pod\u00e1n\u00ed \u017e\u00e1dosti o akreditaci semin\u00e1\u0159e dal\u0161\u00edho vzd\u011bl\u00e1v\u00e1n\u00ed pedagogick\u00fdch pracovn\u00edk\u016f M\u0160MT<\/h3>\n\n\n\n<p>V roce 2020 byla <a href=\"http:\/\/www.sinicearasy.cz\/lidi\/JosefJuran\" target=\"_blank\" rel=\"noreferrer noopener\">Mgr. Josefem Jur\u00e1n\u011bm, Ph.D.<\/a> akreditace p\u0159ipravena, pod\u00e1na a z\u00edsk\u00e1na. Na\u0161e sb\u00edrka se na n\u00ed pod\u00edl\u00ed odborn\u00fdm garantov\u00e1n\u00edm a v\u00fdukou ter\u00e9nn\u00ed exkurze t\u00e9maticky zam\u011b\u0159en\u00e9 na uplatn\u011bn\u00ed vodn\u00edch a mok\u0159adn\u00edch rostlin v krajin\u011b.<\/p>\n\n\n\n<h3 class=\"wp-block-heading\">Po\u0159\u00e1d\u00e1n\u00ed a \u00fa\u010dast p\u0159i vzd\u011bl\u00e1vac\u00edch a populariza\u010dn\u00edch akc\u00ed<\/h3>\n\n\n\n<p>Sb\u00edrka v letech \u0159e\u0161en\u00ed projektu p\u0159ipravuje a organizuje dny otev\u0159en\u00fdch dve\u0159\u00ed, vedouc\u00ed prov\u00e1d\u00ed komentovan\u00e9 prohl\u00eddky a p\u0159ipravuje v\u00fdstavy.<\/p>\n\n\n\n<p>V roce 2020 byly dny otev\u0159en\u00fdch dve\u0159\u00ed  organizov\u00e1ny z d\u016fvodu vl\u00e1dn\u00edch opat\u0159en\u00ed ve dnech 10.-12. z\u00e1\u0159\u00ed.<\/p>\n\n\n\n<p>Pro sez\u00f3nu 2020 byla p\u0159ipravena v\u00fdstava v\u011bnov\u00e1na geografick\u00e9mu roz\u0161\u00ed\u0159en\u00ed maso\u017erav\u00fdch a vodn\u00edch rostlin. <\/p>\n","protected":false},"excerpt":{"rendered":"<p>Na\u0161e odd\u011blen\u00ed se v letech 2020-2024 spolupod\u00edl\u00ed na \u0159e\u0161en\u00ed programu Strategie AV21 &#8211; Z\u00e1chrana a obnova krajiny. Garantkou t\u00e9matu zam\u011b\u0159en\u00e9ho&hellip; <\/p>\n","protected":false},"author":1,"featured_media":2700,"comment_status":"closed","ping_status":"closed","sticky":false,"template":"","format":"standard","meta":{"jetpack_post_was_ever_published":false,"_jetpack_newsletter_access":"","_jetpack_dont_email_post_to_subs":false,"_jetpack_newsletter_tier_id":0,"_jetpack_memberships_contains_paywalled_content":false,"_jetpack_memberships_contains_paid_content":false,"footnotes":"","jetpack_publicize_message":"","jetpack_publicize_feature_enabled":true,"jetpack_social_post_already_shared":true,"jetpack_social_options":{"image_generator_settings":{"template":"highway","default_image_id":0,"font":"","enabled":false},"version":2}},"categories":[38],"tags":[],"class_list":["post-2695","post","type-post","status-publish","format-standard","has-post-thumbnail","hentry","category-nezarazene-cs"],"jetpack_publicize_connections":[],"jetpack_featured_media_url":"https:\/\/www.butbn.cas.cz\/sbirkavk\/wp-content\/uploads\/2020\/08\/DSC_6027.jpg","jetpack_sharing_enabled":true,"jetpack_shortlink":"https:\/\/wp.me\/p8pa9i-Ht","jetpack-related-posts":[{"id":691,"url":"https:\/\/www.butbn.cas.cz\/sbirkavk\/?p=691","url_meta":{"origin":2695,"position":0},"title":"V\u00fdzkum","author":"Jana Navr\u00e1tilov\u00e1","date":"24 \u010dervence, 2017","format":false,"excerpt":"Sb\u00edrka p\u0159edstavuje cennou banku \u017eiv\u00e9ho materi\u00e1lu, kter\u00fd poskytuje pro v\u011bdeckou pr\u00e1ci i aplika\u010dn\u00ed sf\u00e9ru. Poskytov\u00e1n\u00ed rostlin v\u00fdzkumn\u00fdm instituc\u00edm- rostliny nebo jejich \u010d\u00e1sti jsou poskytov\u00e1ny k v\u00fdzkumn\u00fdm \u00fa\u010del\u016fm- na konkr\u00e9tn\u00edch podm\u00ednk\u00e1ch dod\u00e1n\u00ed materi\u00e1lu je pot\u0159eba se p\u0159edem domluvit; doba, za kterou jsme rostliny schopni poskytnout, z\u00e1le\u017e\u00ed na druhu a po\u017eadovan\u00e9m mno\u017estv\u00ed\u2026","rel":"","context":"V \u201eNeza?azen?\u201c","block_context":{"text":"Neza?azen?","link":"https:\/\/www.butbn.cas.cz\/sbirkavk\/?cat=38"},"img":{"alt_text":"","src":"https:\/\/i0.wp.com\/www.butbn.cas.cz\/sbirkavk\/wp-content\/uploads\/2017\/07\/research.jpg?resize=350%2C200&ssl=1","width":350,"height":200,"srcset":"https:\/\/i0.wp.com\/www.butbn.cas.cz\/sbirkavk\/wp-content\/uploads\/2017\/07\/research.jpg?resize=350%2C200&ssl=1 1x, https:\/\/i0.wp.com\/www.butbn.cas.cz\/sbirkavk\/wp-content\/uploads\/2017\/07\/research.jpg?resize=525%2C300&ssl=1 1.5x, https:\/\/i0.wp.com\/www.butbn.cas.cz\/sbirkavk\/wp-content\/uploads\/2017\/07\/research.jpg?resize=700%2C400&ssl=1 2x, https:\/\/i0.wp.com\/www.butbn.cas.cz\/sbirkavk\/wp-content\/uploads\/2017\/07\/research.jpg?resize=1050%2C600&ssl=1 3x, https:\/\/i0.wp.com\/www.butbn.cas.cz\/sbirkavk\/wp-content\/uploads\/2017\/07\/research.jpg?resize=1400%2C800&ssl=1 4x"},"classes":[]},{"id":863,"url":"https:\/\/www.butbn.cas.cz\/sbirkavk\/?p=863","url_meta":{"origin":2695,"position":1},"title":"Strategie AV21 &#8211; ROZE","author":"Jana Navr\u00e1tilov\u00e1","date":"12 z\u00e1\u0159\u00ed, 2017","format":false,"excerpt":"Optimalizace vyu\u017e\u00edv\u00e1n\u00ed sb\u00edrek biologick\u00e9ho materi\u00e1lu \u00fastav\u016f AV \u010cR Tento projekt je sou\u010d\u00e1st\u00ed Strategie AV21, programu Rozmanitost \u017eivota a zdrav\u00ed ekosyst\u00e9m\u016f (ROZE), jeho\u017e koordin\u00e1torem je prof. Ing. Miloslav \u0160imek, CSc. (Biologick\u00e9 centrum AV \u010cR, v.v.i) a \u0159e\u0161iteli Mgr. V\u00e1clav H\u00f6nig, Ph.D.\u2013 Biologick\u00e9 centrum, Mgr. Barbora Zemanov\u00e1, Ph.D. \u2013 \u00dastav biologie obratlovc\u016f,\u2026","rel":"","context":"V \u201eNeza?azen?\u201c","block_context":{"text":"Neza?azen?","link":"https:\/\/www.butbn.cas.cz\/sbirkavk\/?cat=38"},"img":{"alt_text":"","src":"https:\/\/i0.wp.com\/www.butbn.cas.cz\/sbirkavk\/wp-content\/uploads\/2017\/09\/roze3.jpg?resize=350%2C200&ssl=1","width":350,"height":200,"srcset":"https:\/\/i0.wp.com\/www.butbn.cas.cz\/sbirkavk\/wp-content\/uploads\/2017\/09\/roze3.jpg?resize=350%2C200&ssl=1 1x, https:\/\/i0.wp.com\/www.butbn.cas.cz\/sbirkavk\/wp-content\/uploads\/2017\/09\/roze3.jpg?resize=525%2C300&ssl=1 1.5x, https:\/\/i0.wp.com\/www.butbn.cas.cz\/sbirkavk\/wp-content\/uploads\/2017\/09\/roze3.jpg?resize=700%2C400&ssl=1 2x"},"classes":[]},{"id":1028,"url":"https:\/\/www.butbn.cas.cz\/sbirkavk\/?p=1028","url_meta":{"origin":2695,"position":2},"title":"Strategie AV21 &#8211; ROZE","author":"Jana Navr\u00e1tilov\u00e1","date":"16 z\u00e1\u0159\u00ed, 2017","format":false,"excerpt":"Optimalizace vyu\u017e\u00edv\u00e1n\u00ed sb\u00edrek biologick\u00e9ho materi\u00e1lu \u00fastav\u016f AV \u010cR Tento projekt je sou\u010d\u00e1st\u00ed Strategie AV21, programu Rozmanitost \u017eivota a zdrav\u00ed ekosyst\u00e9m\u016f (ROZE), jeho\u017e koordin\u00e1torem je prof. Ing. Miloslav \u0160imek, CSc. (Biologick\u00e9 centrum AV \u010cR, v.v.i) a \u0159e\u0161iteli Mgr. V\u00e1clav H\u00f6nig, Ph.D.\u2013 Biologick\u00e9 centrum, Mgr. Barbora Zemanov\u00e1, Ph.D. \u2013 \u00dastav biologie obratlovc\u016f,\u2026","rel":"","context":"Podobn\u00fd p\u0159\u00edsp\u011bvek","block_context":{"text":"Podobn\u00fd p\u0159\u00edsp\u011bvek","link":""},"img":{"alt_text":"","src":"https:\/\/i0.wp.com\/www.butbn.cas.cz\/sbirkavk\/wp-content\/uploads\/2017\/09\/roze3.jpg?resize=350%2C200&ssl=1","width":350,"height":200,"srcset":"https:\/\/i0.wp.com\/www.butbn.cas.cz\/sbirkavk\/wp-content\/uploads\/2017\/09\/roze3.jpg?resize=350%2C200&ssl=1 1x, https:\/\/i0.wp.com\/www.butbn.cas.cz\/sbirkavk\/wp-content\/uploads\/2017\/09\/roze3.jpg?resize=525%2C300&ssl=1 1.5x, https:\/\/i0.wp.com\/www.butbn.cas.cz\/sbirkavk\/wp-content\/uploads\/2017\/09\/roze3.jpg?resize=700%2C400&ssl=1 2x"},"classes":[]},{"id":3648,"url":"https:\/\/www.butbn.cas.cz\/sbirkavk\/?p=3648","url_meta":{"origin":2695,"position":3},"title":"Metodika ex situ zachov\u00e1n\u00ed genofondu ohro\u017een\u00fdch jednolet\u00fdch vlhkomiln\u00fdch bylin miner\u00e1ln\u011b chud\u00fdch substr\u00e1t\u016f","author":"Jana Navr\u00e1tilov\u00e1","date":"13 b\u0159ezna, 2023","format":false,"excerpt":"Botanick\u00e1 zahrada T\u0159ebo\u0148 Botanick\u00e9ho \u00fastavu AV \u010cR, v.v.i. p\u0159ipravila vzorovou certifikovanou metodiku (Certifika\u010dn\u00ed \u00fa\u0159ad: Ministerstvo \u017eivotn\u00edho prost\u0159ed\u00ed, \u010c\u00edslo: MZP\/2022\/630\/2693) pro pr\u00e1ci s genofondy ohro\u017een\u00fdch rostlin v podm\u00ednk\u00e1ch botanick\u00fdch zahrad, kter\u00e1 je ur\u010dena v\u0161em z\u00e1jemc\u016fm, instituc\u00edm, organizac\u00edm a podnik\u016fm, kter\u00e9 se v\u011bnuj\u00ed p\u011bstov\u00e1n\u00ed ohro\u017een\u00fdch rostlin kv\u011bteny \u010cesk\u00e9 republiky. Metodika je ke\u2026","rel":"","context":"V \u201eNeza?azen?\u201c","block_context":{"text":"Neza?azen?","link":"https:\/\/www.butbn.cas.cz\/sbirkavk\/?cat=38"},"img":{"alt_text":"","src":"https:\/\/i0.wp.com\/www.butbn.cas.cz\/sbirkavk\/wp-content\/uploads\/2023\/03\/Centunculus_minimus_JN_01.jpg?resize=350%2C200&ssl=1","width":350,"height":200,"srcset":"https:\/\/i0.wp.com\/www.butbn.cas.cz\/sbirkavk\/wp-content\/uploads\/2023\/03\/Centunculus_minimus_JN_01.jpg?resize=350%2C200&ssl=1 1x, https:\/\/i0.wp.com\/www.butbn.cas.cz\/sbirkavk\/wp-content\/uploads\/2023\/03\/Centunculus_minimus_JN_01.jpg?resize=525%2C300&ssl=1 1.5x, https:\/\/i0.wp.com\/www.butbn.cas.cz\/sbirkavk\/wp-content\/uploads\/2023\/03\/Centunculus_minimus_JN_01.jpg?resize=700%2C400&ssl=1 2x, https:\/\/i0.wp.com\/www.butbn.cas.cz\/sbirkavk\/wp-content\/uploads\/2023\/03\/Centunculus_minimus_JN_01.jpg?resize=1050%2C600&ssl=1 3x, https:\/\/i0.wp.com\/www.butbn.cas.cz\/sbirkavk\/wp-content\/uploads\/2023\/03\/Centunculus_minimus_JN_01.jpg?resize=1400%2C800&ssl=1 4x"},"classes":[]},{"id":3656,"url":"https:\/\/www.butbn.cas.cz\/sbirkavk\/?p=3656","url_meta":{"origin":2695,"position":4},"title":"Metodika ex situ zachov\u00e1n\u00ed genofondu ohro\u017een\u00fdch jednolet\u00fdch vlhkomiln\u00fdch bylin miner\u00e1ln\u011b bohat\u00fdch substr\u00e1t\u016f","author":"Jana Navr\u00e1tilov\u00e1","date":"13 b\u0159ezna, 2023","format":false,"excerpt":"Botanick\u00e1 zahrada T\u0159ebo\u0148 Botanick\u00e9ho \u00fastavu AV \u010cR, v.v.i. p\u0159ipravila vzorovou certifikovanou metodiku (Certifika\u010dn\u00ed \u00fa\u0159ad: Ministerstvo \u017eivotn\u00edho prost\u0159ed\u00ed, \u010c\u00edslo: MZP\/2022\/630\/2738) pro pr\u00e1ci s genofondy ohro\u017een\u00fdch rostlin v podm\u00ednk\u00e1ch botanick\u00fdch zahrad, kter\u00e1 je ur\u010dena v\u0161em z\u00e1jemc\u016fm, instituc\u00edm, organizac\u00edm a podnik\u016fm, kter\u00e9 se v\u011bnuj\u00ed p\u011bstov\u00e1n\u00ed ohro\u017een\u00fdch rostlin kv\u011bteny \u010cesk\u00e9 republiky. Metodika je ke\u2026","rel":"","context":"V \u201eNeza?azen?\u201c","block_context":{"text":"Neza?azen?","link":"https:\/\/www.butbn.cas.cz\/sbirkavk\/?cat=38"},"img":{"alt_text":"","src":"https:\/\/i0.wp.com\/www.butbn.cas.cz\/sbirkavk\/wp-content\/uploads\/2023\/03\/Samolus_valerandi_JN_22.jpg?resize=350%2C200&ssl=1","width":350,"height":200,"srcset":"https:\/\/i0.wp.com\/www.butbn.cas.cz\/sbirkavk\/wp-content\/uploads\/2023\/03\/Samolus_valerandi_JN_22.jpg?resize=350%2C200&ssl=1 1x, https:\/\/i0.wp.com\/www.butbn.cas.cz\/sbirkavk\/wp-content\/uploads\/2023\/03\/Samolus_valerandi_JN_22.jpg?resize=525%2C300&ssl=1 1.5x, https:\/\/i0.wp.com\/www.butbn.cas.cz\/sbirkavk\/wp-content\/uploads\/2023\/03\/Samolus_valerandi_JN_22.jpg?resize=700%2C400&ssl=1 2x, https:\/\/i0.wp.com\/www.butbn.cas.cz\/sbirkavk\/wp-content\/uploads\/2023\/03\/Samolus_valerandi_JN_22.jpg?resize=1050%2C600&ssl=1 3x, https:\/\/i0.wp.com\/www.butbn.cas.cz\/sbirkavk\/wp-content\/uploads\/2023\/03\/Samolus_valerandi_JN_22.jpg?resize=1400%2C800&ssl=1 4x"},"classes":[]},{"id":1631,"url":"https:\/\/www.butbn.cas.cz\/sbirkavk\/?p=1631","url_meta":{"origin":2695,"position":5},"title":"Prodej rostlin","author":"Jana Navr\u00e1tilov\u00e1","date":"1 \u010dervna, 2018","format":false,"excerpt":"P\u0159ebytky rostlin z kultivac\u00ed Sb\u00edrky a Botanick\u00e9 zahrady jsou nab\u00edzeny k prodeji podle cen\u00edku Botanick\u00e9ho \u00fastavu AV \u010cR, v.v.i.:","rel":"","context":"V \u201eNeza?azen?\u201c","block_context":{"text":"Neza?azen?","link":"https:\/\/www.butbn.cas.cz\/sbirkavk\/?cat=38"},"img":{"alt_text":"","src":"","width":0,"height":0},"classes":[]}],"_links":{"self":[{"href":"https:\/\/www.butbn.cas.cz\/sbirkavk\/index.php?rest_route=\/wp\/v2\/posts\/2695","targetHints":{"allow":["GET"]}}],"collection":[{"href":"https:\/\/www.butbn.cas.cz\/sbirkavk\/index.php?rest_route=\/wp\/v2\/posts"}],"about":[{"href":"https:\/\/www.butbn.cas.cz\/sbirkavk\/index.php?rest_route=\/wp\/v2\/types\/post"}],"author":[{"embeddable":true,"href":"https:\/\/www.butbn.cas.cz\/sbirkavk\/index.php?rest_route=\/wp\/v2\/users\/1"}],"replies":[{"embeddable":true,"href":"https:\/\/www.butbn.cas.cz\/sbirkavk\/index.php?rest_route=%2Fwp%2Fv2%2Fcomments&post=2695"}],"version-history":[{"count":5,"href":"https:\/\/www.butbn.cas.cz\/sbirkavk\/index.php?rest_route=\/wp\/v2\/posts\/2695\/revisions"}],"predecessor-version":[{"id":2723,"href":"https:\/\/www.butbn.cas.cz\/sbirkavk\/index.php?rest_route=\/wp\/v2\/posts\/2695\/revisions\/2723"}],"wp:featuredmedia":[{"embeddable":true,"href":"https:\/\/www.butbn.cas.cz\/sbirkavk\/index.php?rest_route=\/wp\/v2\/media\/2700"}],"wp:attachment":[{"href":"https:\/\/www.butbn.cas.cz\/sbirkavk\/index.php?rest_route=%2Fwp%2Fv2%2Fmedia&parent=2695"}],"wp:term":[{"taxonomy":"category","embeddable":true,"href":"https:\/\/www.butbn.cas.cz\/sbirkavk\/index.php?rest_route=%2Fwp%2Fv2%2Fcategories&post=2695"},{"taxonomy":"post_tag","embeddable":true,"href":"https:\/\/www.butbn.cas.cz\/sbirkavk\/index.php?rest_route=%2Fwp%2Fv2%2Ftags&post=2695"}],"curies":[{"name":"wp","href":"https:\/\/api.w.org\/{rel}","templated":true}]}}