{"id":1835,"date":"2018-10-31T20:49:28","date_gmt":"2018-10-31T19:49:28","guid":{"rendered":"http:\/\/www.butbn.cas.cz\/sbirkavk\/?p=1835"},"modified":"2018-10-31T20:50:15","modified_gmt":"2018-10-31T19:50:15","slug":"sbirka-prezentovana-na-konferenci-otazniky-kolem-cites","status":"publish","type":"post","link":"https:\/\/www.butbn.cas.cz\/sbirkavk\/?p=1835","title":{"rendered":"Sb\u00edrka prezentov\u00e1na na konferenci &#8222;Otazn\u00edky kolem CITES&#8220;"},"content":{"rendered":"<p>Pr\u00e1ce Sb\u00edrky byla prezentov\u00e1na na tradi\u010dn\u00ed konferenci &#8222;Otazn\u00edky kolem CITES&#8220; po\u0159\u00e1dan\u00e9 Katedrou biologick\u00fdch discipl\u00edn ZF JU v \u010c.B. ve spolupr\u00e1ci s M\u017dP ve dnech 23.-24. 10. 2018.<\/p>\n<p style=\"text-align: right;\"><img decoding=\"async\" data-attachment-id=\"1461\" data-permalink=\"https:\/\/www.butbn.cas.cz\/sbirkavk\/?attachment_id=1461\" data-orig-file=\"https:\/\/www.butbn.cas.cz\/sbirkavk\/wp-content\/uploads\/2018\/02\/acorus.jpg\" data-orig-size=\"800,531\" data-comments-opened=\"0\" data-image-meta=\"{&quot;aperture&quot;:&quot;6.3&quot;,&quot;credit&quot;:&quot;&quot;,&quot;camera&quot;:&quot;NIKON D90&quot;,&quot;caption&quot;:&quot;&quot;,&quot;created_timestamp&quot;:&quot;1376241448&quot;,&quot;copyright&quot;:&quot;&quot;,&quot;focal_length&quot;:&quot;18&quot;,&quot;iso&quot;:&quot;200&quot;,&quot;shutter_speed&quot;:&quot;0.00625&quot;,&quot;title&quot;:&quot;&quot;,&quot;orientation&quot;:&quot;1&quot;}\" data-image-title=\"acorus\" data-image-description=\"\" data-image-caption=\"\" data-large-file=\"https:\/\/www.butbn.cas.cz\/sbirkavk\/wp-content\/uploads\/2018\/02\/acorus.jpg\" class=\"size-medium wp-image-1461\" src=\"http:\/\/www.butbn.cas.cz\/sbirkavk\/wp-content\/uploads\/2018\/10\/cites18.jpg\" alt=\"\" width=\"300\" \/><\/p>\n","protected":false},"excerpt":{"rendered":"<p>Pr\u00e1ce Sb\u00edrky byla prezentov\u00e1na na tradi\u010dn\u00ed konferenci &#8222;Otazn\u00edky kolem CITES&#8220; po\u0159\u00e1dan\u00e9 Katedrou biologick\u00fdch discipl\u00edn ZF JU v \u010c.B. ve spolupr\u00e1ci&hellip; <\/p>\n","protected":false},"author":1,"featured_media":1836,"comment_status":"closed","ping_status":"closed","sticky":false,"template":"","format":"standard","meta":{"jetpack_post_was_ever_published":false,"_jetpack_newsletter_access":"","_jetpack_dont_email_post_to_subs":false,"_jetpack_newsletter_tier_id":0,"_jetpack_memberships_contains_paywalled_content":false,"_jetpack_memberships_contains_paid_content":false,"footnotes":"","jetpack_publicize_message":"","jetpack_publicize_feature_enabled":true,"jetpack_social_post_already_shared":true,"jetpack_social_options":{"image_generator_settings":{"template":"highway","default_image_id":0,"font":"","enabled":false},"version":2}},"categories":[38],"tags":[],"class_list":["post-1835","post","type-post","status-publish","format-standard","has-post-thumbnail","hentry","category-nezarazene-cs"],"jetpack_publicize_connections":[],"jetpack_featured_media_url":"https:\/\/www.butbn.cas.cz\/sbirkavk\/wp-content\/uploads\/2018\/10\/cites18.jpg","jetpack_sharing_enabled":true,"jetpack_shortlink":"https:\/\/wp.me\/p8pa9i-tB","jetpack-related-posts":[{"id":1954,"url":"https:\/\/www.butbn.cas.cz\/sbirkavk\/?p=1954","url_meta":{"origin":1835,"position":0},"title":"Prezentace projektu TA\u010cR Epsilon na Valn\u00e9 hromad\u011b Unie botanick\u00fdch zahrad 2019","author":"Jana Navr\u00e1tilov\u00e1","date":"31 ledna, 2019","format":false,"excerpt":"Nov\u00fd projekt Sb\u00edrky programu TA\u010cR Epsilon TH04030115 - \"Metodologie ex situ konzervace lok\u00e1ln\u00edch populac\u00ed ohro\u017een\u00fdch druh\u016f rostlin v m\u011bn\u00edc\u00edch se klimatick\u00fdch podm\u00ednk\u00e1ch\" byl prezentov\u00e1n vedouc\u00ed odd\u011blen\u00ed a \u0159e\u0161itelkou projektu Janou Navr\u00e1tilovou na Valn\u00e9 hromad\u011b Unie botanick\u00fdch zahrad.","rel":"","context":"V \u201eNeza?azen?\u201c","block_context":{"text":"Neza?azen?","link":"https:\/\/www.butbn.cas.cz\/sbirkavk\/?cat=38"},"img":{"alt_text":"","src":"https:\/\/i0.wp.com\/www.butbn.cas.cz\/sbirkavk\/wp-content\/uploads\/2019\/01\/vh_ubz19.jpg?resize=350%2C200&ssl=1","width":350,"height":200,"srcset":"https:\/\/i0.wp.com\/www.butbn.cas.cz\/sbirkavk\/wp-content\/uploads\/2019\/01\/vh_ubz19.jpg?resize=350%2C200&ssl=1 1x, https:\/\/i0.wp.com\/www.butbn.cas.cz\/sbirkavk\/wp-content\/uploads\/2019\/01\/vh_ubz19.jpg?resize=525%2C300&ssl=1 1.5x, https:\/\/i0.wp.com\/www.butbn.cas.cz\/sbirkavk\/wp-content\/uploads\/2019\/01\/vh_ubz19.jpg?resize=700%2C400&ssl=1 2x, https:\/\/i0.wp.com\/www.butbn.cas.cz\/sbirkavk\/wp-content\/uploads\/2019\/01\/vh_ubz19.jpg?resize=1050%2C600&ssl=1 3x, https:\/\/i0.wp.com\/www.butbn.cas.cz\/sbirkavk\/wp-content\/uploads\/2019\/01\/vh_ubz19.jpg?resize=1400%2C800&ssl=1 4x"},"classes":[]},{"id":706,"url":"https:\/\/www.butbn.cas.cz\/sbirkavk\/?p=706","url_meta":{"origin":1835,"position":1},"title":"O n\u00e1s","author":"Jana Navr\u00e1tilov\u00e1","date":"24 \u010dervence, 2017","format":false,"excerpt":"Sb\u00edrka vodn\u00edch a mok\u0159adn\u00edch rostlin je specializovanou kolekc\u00ed v\u00edce ne\u017e 1000 druh\u016f rostlin p\u016fvodem p\u0159ev\u00e1\u017en\u011b ze st\u0159edoevropsk\u00fdch mok\u0159ad\u016f. Sb\u00edrka vznikala postupn\u011b od roku 1976 p\u0159edev\u0161\u00edm pro v\u011bdeck\u00e9 \u00fa\u010dely. Dnes m\u00e1 charakter mal\u00e9 specializovan\u00e9 botanick\u00e9 zahrady a je otev\u0159ena student\u016fm i \u0161irok\u00e9 ve\u0159ejnosti. Sb\u00edrka je \u010dlenem Unie botanick\u00fdch zahrad \u010cesk\u00e9 republiky\u2026","rel":"","context":"V \u201eNeza?azen?\u201c","block_context":{"text":"Neza?azen?","link":"https:\/\/www.butbn.cas.cz\/sbirkavk\/?cat=38"},"img":{"alt_text":"","src":"https:\/\/i0.wp.com\/www.butbn.cas.cz\/sbirkavk\/wp-content\/uploads\/2017\/07\/about.jpg?resize=350%2C200&ssl=1","width":350,"height":200,"srcset":"https:\/\/i0.wp.com\/www.butbn.cas.cz\/sbirkavk\/wp-content\/uploads\/2017\/07\/about.jpg?resize=350%2C200&ssl=1 1x, https:\/\/i0.wp.com\/www.butbn.cas.cz\/sbirkavk\/wp-content\/uploads\/2017\/07\/about.jpg?resize=525%2C300&ssl=1 1.5x, https:\/\/i0.wp.com\/www.butbn.cas.cz\/sbirkavk\/wp-content\/uploads\/2017\/07\/about.jpg?resize=700%2C400&ssl=1 2x, https:\/\/i0.wp.com\/www.butbn.cas.cz\/sbirkavk\/wp-content\/uploads\/2017\/07\/about.jpg?resize=1050%2C600&ssl=1 3x, https:\/\/i0.wp.com\/www.butbn.cas.cz\/sbirkavk\/wp-content\/uploads\/2017\/07\/about.jpg?resize=1400%2C800&ssl=1 4x"},"classes":[]},{"id":725,"url":"https:\/\/www.butbn.cas.cz\/sbirkavk\/?p=725","url_meta":{"origin":1835,"position":2},"title":"Publikace","author":"Jana Navr\u00e1tilov\u00e1","date":"25 \u010dervence, 2017","format":false,"excerpt":"P\u0159ehled v\u011bdeck\u00fdch publikac\u00ed vedouc\u00ed Sb\u00edrky naleznete zde. Tiskov\u00e9 a elektronick\u00e9 v\u00fdstupy Sb\u00edrky Navr\u00e1tilov\u00e1, J., \u0160umberov\u00e1 K., Ku\u010derov\u00e1 A. & Kv\u011bt J. (eds.) (2025): Atlas vodn\u00edch a mok\u0159adn\u00edch rostlin \u010cesk\u00e9 republiky, Academia, Praha. Navr\u00e1tiov\u00e1 J. (2025). Botanick\u00e1 zahrada T\u0159ebo\u0148, Botanick\u00fd \u00fastav Akademie v\u011bd \u010cR, v. v. i. In: Chytr\u00e1 M., Proch\u00e1zkov\u00e1\u2026","rel":"","context":"V \u201eNeza?azen?\u201c","block_context":{"text":"Neza?azen?","link":"https:\/\/www.butbn.cas.cz\/sbirkavk\/?cat=38"},"img":{"alt_text":"","src":"https:\/\/i0.wp.com\/www.butbn.cas.cz\/sbirkavk\/wp-content\/uploads\/2017\/07\/publication.jpg?resize=350%2C200&ssl=1","width":350,"height":200,"srcset":"https:\/\/i0.wp.com\/www.butbn.cas.cz\/sbirkavk\/wp-content\/uploads\/2017\/07\/publication.jpg?resize=350%2C200&ssl=1 1x, https:\/\/i0.wp.com\/www.butbn.cas.cz\/sbirkavk\/wp-content\/uploads\/2017\/07\/publication.jpg?resize=525%2C300&ssl=1 1.5x, https:\/\/i0.wp.com\/www.butbn.cas.cz\/sbirkavk\/wp-content\/uploads\/2017\/07\/publication.jpg?resize=700%2C400&ssl=1 2x"},"classes":[]},{"id":4572,"url":"https:\/\/www.butbn.cas.cz\/sbirkavk\/?p=4572","url_meta":{"origin":1835,"position":3},"title":"Nov\u00e9 druhy v expozici vodn\u00edch a bahenn\u00edch rostlin","author":"Jana Navr\u00e1tilov\u00e1","date":"19 srpna, 2025","format":false,"excerpt":"Botanick\u00e1 zahrada T\u0159ebo\u0148 roz\u0161\u00ed\u0159ila svou expozici vodn\u00edch a bahenn\u00edch rostlin o n\u011bkolik zaj\u00edmav\u00fdch druh\u016f, kter\u00e9 poch\u00e1zej\u00ed ze Severn\u00ed a Ji\u017en\u00ed Ameriky, Austr\u00e1lie a jihov\u00fdchodn\u00ed Asie. Tyto rostliny nejsou b\u011b\u017en\u011b k vid\u011bn\u00ed v \u010desk\u00fdch zahrad\u00e1ch a p\u0159edstavuj\u00ed cenn\u00e9 obohacen\u00ed sb\u00edrky. Nov\u011b m\u016f\u017eete obdivovat\u00a0Pontederia azurea\u00a0(d\u0159\u00edve\u00a0Eichhornia azurea), elegantn\u00ed vodn\u00ed rostlinu s n\u00e1padn\u00fdmi modrofialov\u00fdmi\u2026","rel":"","context":"V \u201eNeza?azen?\u201c","block_context":{"text":"Neza?azen?","link":"https:\/\/www.butbn.cas.cz\/sbirkavk\/?cat=38"},"img":{"alt_text":"","src":"https:\/\/i0.wp.com\/www.butbn.cas.cz\/sbirkavk\/wp-content\/uploads\/2025\/08\/aDSC_7016_250617_1118.jpg?resize=350%2C200&ssl=1","width":350,"height":200,"srcset":"https:\/\/i0.wp.com\/www.butbn.cas.cz\/sbirkavk\/wp-content\/uploads\/2025\/08\/aDSC_7016_250617_1118.jpg?resize=350%2C200&ssl=1 1x, https:\/\/i0.wp.com\/www.butbn.cas.cz\/sbirkavk\/wp-content\/uploads\/2025\/08\/aDSC_7016_250617_1118.jpg?resize=525%2C300&ssl=1 1.5x, https:\/\/i0.wp.com\/www.butbn.cas.cz\/sbirkavk\/wp-content\/uploads\/2025\/08\/aDSC_7016_250617_1118.jpg?resize=700%2C400&ssl=1 2x, https:\/\/i0.wp.com\/www.butbn.cas.cz\/sbirkavk\/wp-content\/uploads\/2025\/08\/aDSC_7016_250617_1118.jpg?resize=1050%2C600&ssl=1 3x, https:\/\/i0.wp.com\/www.butbn.cas.cz\/sbirkavk\/wp-content\/uploads\/2025\/08\/aDSC_7016_250617_1118.jpg?resize=1400%2C800&ssl=1 4x"},"classes":[]},{"id":768,"url":"https:\/\/www.butbn.cas.cz\/sbirkavk\/?p=768","url_meta":{"origin":1835,"position":4},"title":"Historie a sou\u010dasnost Sb\u00edrky","author":"Jana Navr\u00e1tilov\u00e1","date":"11 z\u00e1\u0159\u00ed, 2017","format":false,"excerpt":"Ve Sb\u00edrce p\u011bstujeme p\u0159es 700 druh\u016f rostlin - v\u011bt\u0161ina poch\u00e1z\u00ed z \u010cesk\u00e9 republiky, p\u0159\u00edpadn\u011b st\u0159edn\u00ed Evropy, jen necel\u00fdch 10 % druh\u016f je z jin\u00fdch oblast\u00ed sv\u011bta. Tento po\u010det druh\u016f \u010din\u00ed z na\u0161\u00ed Sb\u00edrky\u00a0 jednu z nejv\u011bt\u0161\u00edch v Evrop\u011b. Sou\u010d\u00e1st\u00ed Sb\u00edrky jsou i z\u00e1chrann\u00e9 kultivace v\u00edce ne\u017e 30 ohro\u017een\u00fdch druh\u016f vyu\u017e\u00edvan\u00e9\u2026","rel":"","context":"V \u201eNeza?azen?\u201c","block_context":{"text":"Neza?azen?","link":"https:\/\/www.butbn.cas.cz\/sbirkavk\/?cat=38"},"img":{"alt_text":"","src":"https:\/\/i0.wp.com\/www.butbn.cas.cz\/sbirkavk\/wp-content\/uploads\/2017\/09\/web4.jpg?resize=350%2C200&ssl=1","width":350,"height":200},"classes":[]},{"id":1024,"url":"https:\/\/www.butbn.cas.cz\/sbirkavk\/?p=1024","url_meta":{"origin":1835,"position":5},"title":"Historie a sou\u010dasnost Sb\u00edrky","author":"Jana Navr\u00e1tilov\u00e1","date":"16 z\u00e1\u0159\u00ed, 2017","format":false,"excerpt":"Ve Sb\u00edrce p\u011bstujeme p\u0159es 700 druh\u016f rostlin - v\u011bt\u0161ina poch\u00e1z\u00ed z \u010cesk\u00e9 republiky, p\u0159\u00edpadn\u011b st\u0159edn\u00ed Evropy, jen necel\u00fdch 10 % druh\u016f je z jin\u00fdch oblast\u00ed sv\u011bta. Tento po\u010det druh\u016f \u010din\u00ed z na\u0161\u00ed Sb\u00edrky\u00a0 jednu z nejv\u011bt\u0161\u00edch v Evrop\u011b. Sou\u010d\u00e1st\u00ed Sb\u00edrky jsou i z\u00e1chrann\u00e9 kultivace v\u00edce ne\u017e 30 ohro\u017een\u00fdch druh\u016f vyu\u017e\u00edvan\u00e9\u2026","rel":"","context":"Podobn\u00fd p\u0159\u00edsp\u011bvek","block_context":{"text":"Podobn\u00fd p\u0159\u00edsp\u011bvek","link":""},"img":{"alt_text":"","src":"https:\/\/i0.wp.com\/www.butbn.cas.cz\/sbirkavk\/wp-content\/uploads\/2017\/09\/web4.jpg?resize=350%2C200&ssl=1","width":350,"height":200},"classes":[]}],"_links":{"self":[{"href":"https:\/\/www.butbn.cas.cz\/sbirkavk\/index.php?rest_route=\/wp\/v2\/posts\/1835","targetHints":{"allow":["GET"]}}],"collection":[{"href":"https:\/\/www.butbn.cas.cz\/sbirkavk\/index.php?rest_route=\/wp\/v2\/posts"}],"about":[{"href":"https:\/\/www.butbn.cas.cz\/sbirkavk\/index.php?rest_route=\/wp\/v2\/types\/post"}],"author":[{"embeddable":true,"href":"https:\/\/www.butbn.cas.cz\/sbirkavk\/index.php?rest_route=\/wp\/v2\/users\/1"}],"replies":[{"embeddable":true,"href":"https:\/\/www.butbn.cas.cz\/sbirkavk\/index.php?rest_route=%2Fwp%2Fv2%2Fcomments&post=1835"}],"version-history":[{"count":2,"href":"https:\/\/www.butbn.cas.cz\/sbirkavk\/index.php?rest_route=\/wp\/v2\/posts\/1835\/revisions"}],"predecessor-version":[{"id":1838,"href":"https:\/\/www.butbn.cas.cz\/sbirkavk\/index.php?rest_route=\/wp\/v2\/posts\/1835\/revisions\/1838"}],"wp:featuredmedia":[{"embeddable":true,"href":"https:\/\/www.butbn.cas.cz\/sbirkavk\/index.php?rest_route=\/wp\/v2\/media\/1836"}],"wp:attachment":[{"href":"https:\/\/www.butbn.cas.cz\/sbirkavk\/index.php?rest_route=%2Fwp%2Fv2%2Fmedia&parent=1835"}],"wp:term":[{"taxonomy":"category","embeddable":true,"href":"https:\/\/www.butbn.cas.cz\/sbirkavk\/index.php?rest_route=%2Fwp%2Fv2%2Fcategories&post=1835"},{"taxonomy":"post_tag","embeddable":true,"href":"https:\/\/www.butbn.cas.cz\/sbirkavk\/index.php?rest_route=%2Fwp%2Fv2%2Ftags&post=1835"}],"curies":[{"name":"wp","href":"https:\/\/api.w.org\/{rel}","templated":true}]}}